{"id":107043,"date":"2026-01-17T11:46:08","date_gmt":"2026-01-17T11:46:08","guid":{"rendered":"https:\/\/www.europesays.com\/lv\/107043\/"},"modified":"2026-01-17T11:46:08","modified_gmt":"2026-01-17T11:46:08","slug":"tramps-aicina-iranas-iedzivotajus-turpinat-protestus-solot-palidzibu-lente-lv-2","status":"publish","type":"post","link":"https:\/\/www.europesays.com\/lv\/107043\/","title":{"rendered":"Tramps aicina Ir\u0101nas iedz\u012bvot\u0101jus turpin\u0101t protestus, solot &#8220;pal\u012bdz\u012bbu&#8221;\u00a0\u2014\u00a0Lente.lv"},"content":{"rendered":"<p>Trampa aicin\u0101jums Ir\u0101nas tautai<\/p>\n<p>ASV prezidents Donalds Tramps ir publiski aicin\u0101jis Ir\u0101nas iedz\u012bvot\u0101jus turpin\u0101t valsts m\u0113roga protestus, sav\u0101 platform\u0101 &#8220;Truth Social&#8221; pau\u017eot atbalstu un solot, ka &#8220;pal\u012bdz\u012bba ir ce\u013c\u0101&#8221;. Vi\u0146\u0161 mudin\u0101ja protest\u0113t\u0101jus &#8220;p\u0101r\u0146emt savas iest\u0101des&#8221; un saglab\u0101t inform\u0101ciju par represij\u0101m. <\/p>\n<p>Tramps pazi\u0146oja, ka ir atc\u0113lis visas tik\u0161an\u0101s ar Ir\u0101nas amatperson\u0101m, l\u012bdz tiks p\u0101rtraukta protest\u0113t\u0101ju &#8220;bezj\u0113dz\u012bg\u0101 nogalin\u0101\u0161ana&#8221;. Lai gan Tramps nekonkretiz\u0113ja, k\u0101da veida pal\u012bdz\u012bba tiks sniegta, vi\u0146a v\u0113st\u012bjums skaidri pau\u017e atbalstu re\u017e\u012bma mai\u0146ai Ir\u0101n\u0101.<\/p>\n<p>Konteksts un reakcijas uz protestiem<\/p>\n<p>\u0160ie Trampa izteikumi seko p\u0113c vair\u0101k\u0101m ned\u0113\u013c\u0101m ilgsto\u0161iem protestiem Ir\u0101n\u0101, kas s\u0101k\u0101s k\u0101 neapmierin\u0101t\u012bba ar ekonomisko politiku un augsto infl\u0101ciju, bet p\u0101rauga aicin\u0101jumos main\u012bt valsts re\u017e\u012bmu. Cilv\u0113kties\u012bbu organiz\u0101cijas zi\u0146o par satrauco\u0161i augstu boj\u0101g\u0101ju\u0161o skaitu, l\u0113\u0161ot, ka upuru skaits var\u0113tu p\u0101rsniegt 2500 cilv\u0113kus, lai gan neofici\u0101li dati liecina, ka tas var\u0113tu b\u016bt pat piecas reizes liel\u0101ks. Varas iest\u0101des atbild\u0113ju\u0161as ar interneta un telefonu sakaru ierobe\u017eo\u0161anu un dro\u0161\u012bbas sp\u0113ku iesaist\u012b\u0161anos vardarb\u012bg\u0101s sadursm\u0113s.<\/p>\n<p>Ir\u0101nas \u0101rlietu ministrija aps\u016bdz\u0113jusi ASV un Izra\u0113lu iejauk\u0161anos valsts iek\u0161\u0113j\u0101s liet\u0101s, savuk\u0101rt Ir\u0101nas varasiest\u0101des apgalvo, ka situ\u0101cija tiek kontrol\u0113ta un ka protesti ir padar\u012bti par vardarb\u012bgiem, lai dotu iemeslu ASV iejauk\u0161anai.<\/p>\n<p>Starptautisk\u0101 attieksme un sankcijas<\/p>\n<p>ASV ir piem\u0113roju\u0161as jaunas sankcijas Ir\u0101nas amatperson\u0101m, kas aps\u016bdz\u0113tas par protestu apspie\u0161anu. \u0160aj\u0101s sankcij\u0101s iek\u013cauts Augst\u0101k\u0101s nacion\u0101l\u0101s dro\u0161\u012bbas padomes sekret\u0101rs un re\u0123ion\u0101lo policijas strukt\u016bru vad\u012bt\u0101ji. T\u0101pat sarakst\u0101 iek\u013cautas personas un uz\u0146\u0113mumi, kas tiek aps\u016bdz\u0113ti naudas atmazg\u0101\u0161an\u0101 no Ir\u0101nas naftas p\u0101rdo\u0161anas. Eiropas Savien\u012bba ar\u012b apsver jaunu sankciju noteik\u0161anu pret Ir\u0101nu.<\/p>\n<p>Interesanti, ka, lai gan ASV publiski pau\u017e stingru nost\u0101ju, aizkulis\u0113s ir notiku\u0161as priv\u0101tas sarunas, kur\u0101s Ir\u0101na ie\u0146em &#8220;daudz at\u0161\u0137ir\u012bg\u0101ku toni&#8221; nek\u0101 publiskajos izteikumos. T\u0101pat tiek zi\u0146ots, ka Ir\u0101nas l\u012bderi asi nosod\u012bju\u0161i protest\u0113t\u0101jus, apgalvojot, ka vi\u0146i darbojas ASV interes\u0113s.<\/p>\n<p>Aicin\u0101jumi attur\u0113ties no milit\u0101r\u0101m darb\u012bb\u0101m<\/p>\n<p>Neskatoties uz Trampa retoriku, Izra\u0113la un vair\u0101kas ar\u0101bu valstis ir aicin\u0101ju\u0161as ASV attur\u0113ties no milit\u0101r\u0101m darb\u012bb\u0101m pret Ir\u0101nu. \u0160o valstu p\u0101rst\u0101vji uzsv\u0113ru\u0161i, ka Ir\u0101nas re\u017e\u012bms v\u0113l nav pietiekami nov\u0101jin\u0101ts un ka jebkur\u0161 uzbrukums var\u0113tu vienot Ir\u0101nas sabiedr\u012bbu pret \u0101r\u0113ju agresiju. Vi\u0146i ar\u012b pau\u017e ba\u017eas, ka uzbrukums var\u0113tu nevis veicin\u0101t re\u017e\u012bma kri\u0161anu, bet gan saasin\u0101t situ\u0101ciju re\u0123ion\u0101.<\/p>\n<p>Trampa administr\u0101cija turpina izskat\u012bt da\u017e\u0101dus r\u012bc\u012bbas variantus, rea\u0123\u0113jot uz notikumiem Ir\u0101n\u0101, ta\u010du pagaid\u0101m nav skaidrs, k\u0101da tie\u0161i pal\u012bdz\u012bba tiks sniegta protest\u0113t\u0101jiem.<\/p>\n","protected":false},"excerpt":{"rendered":"Trampa aicin\u0101jums Ir\u0101nas tautai ASV prezidents Donalds Tramps ir publiski aicin\u0101jis Ir\u0101nas iedz\u012bvot\u0101jus turpin\u0101t valsts m\u0113roga protestus, sav\u0101&hellip;\n","protected":false},"author":2,"featured_media":107025,"comment_status":"","ping_status":"","sticky":false,"template":"","format":"standard","meta":{"footnotes":""},"categories":[5],"tags":[23,292,28,29,32,33,22,2562,30,31,35,39,38,36,37,34,40,20,26,27,4204,511,24,25,6079,21],"class_list":{"0":"post-107043","1":"post","2":"type-post","3":"status-publish","4":"format-standard","5":"has-post-thumbnail","7":"category-aktualitates","8":"tag-aktualitates","9":"tag-asv","10":"tag-breaking-news","11":"tag-breakingnews","12":"tag-featured-news","13":"tag-featurednews","14":"tag-headlines","15":"tag-irana","16":"tag-latest-news","17":"tag-latestnews","18":"tag-latvia","19":"tag-latvian","20":"tag-latviesu","21":"tag-latviesu-valoda","22":"tag-latviesuvaloda","23":"tag-latvija","24":"tag-lv","25":"tag-news","26":"tag-popularakas-zinas","27":"tag-popularakaszinas","28":"tag-protesti","29":"tag-sankcijas","30":"tag-top-stories","31":"tag-topstories","32":"tag-tramps","33":"tag-zinas"},"share_on_mastodon":{"url":"https:\/\/pubeurope.com\/@lv\/115910278064573565","error":""},"_links":{"self":[{"href":"https:\/\/www.europesays.com\/lv\/wp-json\/wp\/v2\/posts\/107043","targetHints":{"allow":["GET"]}}],"collection":[{"href":"https:\/\/www.europesays.com\/lv\/wp-json\/wp\/v2\/posts"}],"about":[{"href":"https:\/\/www.europesays.com\/lv\/wp-json\/wp\/v2\/types\/post"}],"author":[{"embeddable":true,"href":"https:\/\/www.europesays.com\/lv\/wp-json\/wp\/v2\/users\/2"}],"replies":[{"embeddable":true,"href":"https:\/\/www.europesays.com\/lv\/wp-json\/wp\/v2\/comments?post=107043"}],"version-history":[{"count":0,"href":"https:\/\/www.europesays.com\/lv\/wp-json\/wp\/v2\/posts\/107043\/revisions"}],"wp:featuredmedia":[{"embeddable":true,"href":"https:\/\/www.europesays.com\/lv\/wp-json\/wp\/v2\/media\/107025"}],"wp:attachment":[{"href":"https:\/\/www.europesays.com\/lv\/wp-json\/wp\/v2\/media?parent=107043"}],"wp:term":[{"taxonomy":"category","embeddable":true,"href":"https:\/\/www.europesays.com\/lv\/wp-json\/wp\/v2\/categories?post=107043"},{"taxonomy":"post_tag","embeddable":true,"href":"https:\/\/www.europesays.com\/lv\/wp-json\/wp\/v2\/tags?post=107043"}],"curies":[{"name":"wp","href":"https:\/\/api.w.org\/{rel}","templated":true}]}}