{"id":107044,"date":"2026-01-17T11:50:09","date_gmt":"2026-01-17T11:50:09","guid":{"rendered":"https:\/\/www.europesays.com\/lv\/107044\/"},"modified":"2026-01-17T11:50:09","modified_gmt":"2026-01-17T11:50:09","slug":"krievija-uzbruk-visos-virzienos-un-iekaro-iespaidigas-teritorijas","status":"publish","type":"post","link":"https:\/\/www.europesays.com\/lv\/107044\/","title":{"rendered":"Krievija &#8220;uzbr\u016bk visos virzienos&#8221; un iekaro &#8220;iespaid\u012bgas teritorijas&#8221;"},"content":{"rendered":"<p>Krievijas Aizsardz\u012bbas ministrija regul\u0101ri melo, st\u0101stot, ka t\u0101s armija noziedz\u012bgaj\u0101 kar\u0101 pret Ukrainu \u201cnemit\u012bgi uzvar\u201d un \u201ciekaro arvien jaunas\u201d teorijas. Tas, ka \u0161ie meli tikpat regul\u0101ri tiek atmaskoti, Krieviju necik neuztrauc. Ar\u012b \u0161\u0101 gada s\u0101kum\u0101 Krievijas armijas \u0123ener\u0101l\u0161t\u0101ba priek\u0161nieks sast\u0101st\u012bjis k\u0101rt\u0113j\u0101s pasakas par Krievijas \u201clielajiem iekarojumiem\u201d.<\/p>\n","protected":false},"excerpt":{"rendered":"Krievijas Aizsardz\u012bbas ministrija regul\u0101ri melo, st\u0101stot, ka t\u0101s armija noziedz\u012bgaj\u0101 kar\u0101 pret Ukrainu \u201cnemit\u012bgi uzvar\u201d un \u201ciekaro arvien&hellip;\n","protected":false},"author":2,"featured_media":107045,"comment_status":"","ping_status":"","sticky":false,"template":"","format":"standard","meta":{"footnotes":""},"categories":[14],"tags":[23,57,28,29,32,33,22,74,30,31,35,39,38,36,37,34,40,20,26,27,24,25,2238,54,55,56,21,58],"class_list":{"0":"post-107044","1":"post","2":"type-post","3":"status-publish","4":"format-standard","5":"has-post-thumbnail","7":"category-zinas-no-arvalstim","8":"tag-aktualitates","9":"tag-arvalstim","10":"tag-breaking-news","11":"tag-breakingnews","12":"tag-featured-news","13":"tag-featurednews","14":"tag-headlines","15":"tag-krievijas-iebrukums-ukraina","16":"tag-latest-news","17":"tag-latestnews","18":"tag-latvia","19":"tag-latvian","20":"tag-latviesu","21":"tag-latviesu-valoda","22":"tag-latviesuvaloda","23":"tag-latvija","24":"tag-lv","25":"tag-news","26":"tag-popularakas-zinas","27":"tag-popularakaszinas","28":"tag-top-stories","29":"tag-topstories","30":"tag-tvnet-arvalstis","31":"tag-world","32":"tag-world-news","33":"tag-worldnews","34":"tag-zinas","35":"tag-zinas-no-arvalstim"},"share_on_mastodon":{"url":"https:\/\/pubeurope.com\/@lv\/115910293733258845","error":""},"_links":{"self":[{"href":"https:\/\/www.europesays.com\/lv\/wp-json\/wp\/v2\/posts\/107044","targetHints":{"allow":["GET"]}}],"collection":[{"href":"https:\/\/www.europesays.com\/lv\/wp-json\/wp\/v2\/posts"}],"about":[{"href":"https:\/\/www.europesays.com\/lv\/wp-json\/wp\/v2\/types\/post"}],"author":[{"embeddable":true,"href":"https:\/\/www.europesays.com\/lv\/wp-json\/wp\/v2\/users\/2"}],"replies":[{"embeddable":true,"href":"https:\/\/www.europesays.com\/lv\/wp-json\/wp\/v2\/comments?post=107044"}],"version-history":[{"count":0,"href":"https:\/\/www.europesays.com\/lv\/wp-json\/wp\/v2\/posts\/107044\/revisions"}],"wp:featuredmedia":[{"embeddable":true,"href":"https:\/\/www.europesays.com\/lv\/wp-json\/wp\/v2\/media\/107045"}],"wp:attachment":[{"href":"https:\/\/www.europesays.com\/lv\/wp-json\/wp\/v2\/media?parent=107044"}],"wp:term":[{"taxonomy":"category","embeddable":true,"href":"https:\/\/www.europesays.com\/lv\/wp-json\/wp\/v2\/categories?post=107044"},{"taxonomy":"post_tag","embeddable":true,"href":"https:\/\/www.europesays.com\/lv\/wp-json\/wp\/v2\/tags?post=107044"}],"curies":[{"name":"wp","href":"https:\/\/api.w.org\/{rel}","templated":true}]}}