{"id":107054,"date":"2026-01-17T12:06:11","date_gmt":"2026-01-17T12:06:11","guid":{"rendered":"https:\/\/www.europesays.com\/lv\/107054\/"},"modified":"2026-01-17T12:06:11","modified_gmt":"2026-01-17T12:06:11","slug":"latvija-atvadas-no-basketbola-legendas-uljanas-semjonovas-lente-lv","status":"publish","type":"post","link":"https:\/\/www.europesays.com\/lv\/107054\/","title":{"rendered":"Latvija atvad\u0101s no basketbola le\u0123endas U\u013cjanas Semjonovas\u00a0\u2014\u00a0Lente.lv"},"content":{"rendered":"<p>Atvad\u012b\u0161an\u0101s notiks ceturtdien<\/p>\n<p>Ceturtdien, 15. janv\u0101r\u012b, notiks atvad\u012b\u0161an\u0101s no pag\u0101ju\u0161aj\u0101 ned\u0113\u013c\u0101 m\u016b\u017e\u012bb\u0101 aizg\u0101ju\u0161\u0101s le\u0123end\u0101r\u0101s Latvijas un pasaules basketbolistes U\u013cjanas Semjonovas. Vi\u0146a dev\u0101s m\u016b\u017e\u012bb\u0101 8. janv\u0101r\u012b 73 gadu vecum\u0101. Latvijas Basketbola savien\u012bba (LBS) apstiprin\u0101jusi atvad\u012b\u0161an\u0101s norises datumu. <\/p>\n<p>Publisk\u0101 godin\u0101\u0161ana R\u012bgas Latvie\u0161u biedr\u012bbas nam\u0101<\/p>\n<p>Publisk\u0101 atvad\u012b\u0161an\u0101s no U\u013cjanas Semjonovas paredz\u0113ta no plkst. 12:00 l\u012bdz 13:30 R\u012bgas Latvie\u0161u biedr\u012bbas nama Lielaj\u0101 z\u0101l\u0113. \u0160\u012b ir iesp\u0113ja l\u012bdzjut\u0113jiem, kol\u0113\u0123iem un visiem, kas cien\u012bju\u0161i un m\u012bl\u0113ju\u0161i izcilo sportisti, piemin\u0113t vi\u0146u un izteikt l\u012bdzj\u016bt\u012bbu. <\/p>\n<p>P\u0113c ceremonijas R\u012bgas Latvie\u0161u biedr\u012bbas nam\u0101, plkst. 14:00, U\u013cjana Semjonova tiks guld\u012bta zemes kl\u0113p\u012b R\u012bgas 1. Me\u017ea kapos. Tiem, kas v\u0113l\u0113sies izteikt savu cie\u0146u ar ziediem, l\u016bgts tos atnest uz R\u012bgas Latvie\u0161u biedr\u012bbas namu, no kurienes tie tiks nog\u0101d\u0101ti uz kapiem. <\/p>\n<p>Basketbola ikonas karjera un sasniegumi<\/p>\n<p>U\u013cjana Semjonova (dz. 1952. gada 9. mart\u0101) tiek uzskat\u012bta par vienu no visu laiku izcil\u0101kaj\u0101m basketbolist\u0113m pasaul\u0113. Vi\u0146as iespaid\u012bgais augums, ofici\u0101li 210 cm, kop\u0101 ar izcilu fizisko sagatavot\u012bbu, tehniku un sp\u0113les izpratni nodro\u0161in\u0101ja vi\u0146as dominanci laukum\u0101. <\/p>\n<p>Semjonova ir divk\u0101rt\u0113ja olimpisk\u0101 \u010dempione (1976, 1980), tr\u012bsk\u0101rt\u0113ja pasaules \u010dempione (1971, 1975, 1983) un desmitk\u0101rt\u0113ja Eiropas \u010dempione (1968-1985). Vi\u0146a ir ar\u012b vienpadsmitk\u0101rt\u0113ja Eiropas \u010dempionvien\u012bbu kausa ieguv\u0113ja ar R\u012bgas TTT komandu, ar kuru kop\u0101 vi\u0146a piecpadsmit reizes k\u013cuva par PSRS \u010dempioni. <\/p>\n<p>Semjonovas sasniegumi ir pla\u0161i nov\u0113rt\u0113ti ne tikai Latvij\u0101, bet ar\u012b starptautiski. Vi\u0146a ir uz\u0146emta Pasaules basketbola slavas z\u0101l\u0113 (1993), Sievie\u0161u basketbola slavas z\u0101l\u0113 (1999) un FIBA slavas z\u0101l\u0113 (2007). 1993. gad\u0101 vi\u0146a k\u013cuva par pirmo Eiropas basketbolisti, kas uz\u0146emta Pasaules basketbola slavas z\u0101l\u0113 Springf\u012bld\u0101. <\/p>\n<p>Starptautisk\u0101 atzin\u012bba un m\u016b\u017es p\u0113c sporta<\/p>\n<p>P\u0113c izcil\u0101s sportistes karjeras beig\u0101m U\u013cjana Semjonova turpin\u0101ja akt\u012bvi darboties, vadot Latvijas Olimpie\u0161u soci\u0101lo fondu, sniedzot pal\u012bdz\u012bbu sporta veter\u0101niem un apliecinot savu r\u016bpju un atbalstu biju\u0161ajiem sportistiem. <\/p>\n<p>Latvijas un pasaules basketbola le\u0123endas aizie\u0161ana ir liels zaud\u0113jums Latvijas sporta sabiedr\u012bbai. Premjerministre Evika Sili\u0146a un Valsts prezidents Edgars Rink\u0113vi\u010ds ir izteiku\u0161i l\u012bdzj\u016bt\u012bbu Semjonovas tuviniekiem, draugiem un visai Latvijas sporta saimei, uzsverot vi\u0146as noz\u012bm\u012bgo devumu sport\u0101 un to, ka vi\u0146a iedvesmoja vair\u0101kas paaudzes. <\/p>\n","protected":false},"excerpt":{"rendered":"Atvad\u012b\u0161an\u0101s notiks ceturtdien Ceturtdien, 15. janv\u0101r\u012b, notiks atvad\u012b\u0161an\u0101s no pag\u0101ju\u0161aj\u0101 ned\u0113\u013c\u0101 m\u016b\u017e\u012bb\u0101 aizg\u0101ju\u0161\u0101s le\u0123end\u0101r\u0101s Latvijas un pasaules basketbolistes&hellip;\n","protected":false},"author":2,"featured_media":107055,"comment_status":"","ping_status":"","sticky":false,"template":"","format":"standard","meta":{"footnotes":""},"categories":[17],"tags":[14062,25545,35,39,38,36,37,34,1314,40,22381,67,11634],"class_list":{"0":"post-107054","1":"post","2":"type-post","3":"status-publish","4":"format-standard","5":"has-post-thumbnail","7":"category-sports","8":"tag-atvadisanas","9":"tag-basketboliste","10":"tag-latvia","11":"tag-latvian","12":"tag-latviesu","13":"tag-latviesu-valoda","14":"tag-latviesuvaloda","15":"tag-latvija","16":"tag-latvijas-basketbols","17":"tag-lv","18":"tag-sporta-legenda","19":"tag-sports","20":"tag-uljana-semjonova"},"share_on_mastodon":{"url":"https:\/\/pubeurope.com\/@lv\/115910356716639909","error":""},"_links":{"self":[{"href":"https:\/\/www.europesays.com\/lv\/wp-json\/wp\/v2\/posts\/107054","targetHints":{"allow":["GET"]}}],"collection":[{"href":"https:\/\/www.europesays.com\/lv\/wp-json\/wp\/v2\/posts"}],"about":[{"href":"https:\/\/www.europesays.com\/lv\/wp-json\/wp\/v2\/types\/post"}],"author":[{"embeddable":true,"href":"https:\/\/www.europesays.com\/lv\/wp-json\/wp\/v2\/users\/2"}],"replies":[{"embeddable":true,"href":"https:\/\/www.europesays.com\/lv\/wp-json\/wp\/v2\/comments?post=107054"}],"version-history":[{"count":0,"href":"https:\/\/www.europesays.com\/lv\/wp-json\/wp\/v2\/posts\/107054\/revisions"}],"wp:featuredmedia":[{"embeddable":true,"href":"https:\/\/www.europesays.com\/lv\/wp-json\/wp\/v2\/media\/107055"}],"wp:attachment":[{"href":"https:\/\/www.europesays.com\/lv\/wp-json\/wp\/v2\/media?parent=107054"}],"wp:term":[{"taxonomy":"category","embeddable":true,"href":"https:\/\/www.europesays.com\/lv\/wp-json\/wp\/v2\/categories?post=107054"},{"taxonomy":"post_tag","embeddable":true,"href":"https:\/\/www.europesays.com\/lv\/wp-json\/wp\/v2\/tags?post=107054"}],"curies":[{"name":"wp","href":"https:\/\/api.w.org\/{rel}","templated":true}]}}