{"id":107058,"date":"2026-01-17T12:15:10","date_gmt":"2026-01-17T12:15:10","guid":{"rendered":"https:\/\/www.europesays.com\/lv\/107058\/"},"modified":"2026-01-17T12:15:10","modified_gmt":"2026-01-17T12:15:10","slug":"pateicoties-berna-ricibai-izdodas-noverst-plasaku-ugunsnelaimi","status":"publish","type":"post","link":"https:\/\/www.europesays.com\/lv\/107058\/","title":{"rendered":"Pateicoties b\u0113rna r\u012bc\u012bbai, izdodas nov\u0113rst pla\u0161\u0101ku ugunsnelaimi"},"content":{"rendered":"<p>Izsaukumu, kur\u0101 iz\u0161\u0137iro\u0161a bija b\u0113rna pareiza r\u012bc\u012bba, izce\u013coties ugunsgr\u0113kam vi\u0146a m\u0101jokl\u012b, <a href=\"https:\/\/www.tvnet.lv\/term\/555464\/vugd\" class=\"topicLink\" target=\"_blank\" rel=\"nofollow noopener\">VUGD<\/a> izc\u0113lis diennakts notikumu kopsavilkum\u0101.<\/p>\n<p>Saj\u016btot sad\u016bmojumu un pamanot ugunsgr\u0113ku, b\u0113rns dev\u0101s \u0101r\u0101 no m\u0101jas, aptur\u0113ja gar\u0101m brauco\u0161u automa\u0161\u012bnu un inform\u0113ja par to, ka m\u0101j\u0101s ir izc\u0113lies ugunsgr\u0113ks. VUGD atz\u012bm\u0113 ar\u012b gar\u0101mbrauc\u0113ju r\u012bc\u012bbu, neesot vienaldz\u012bgiem un apst\u0101joties, kad paman\u012bja b\u0113rnu, kas izmis\u012bgi v\u0113l\u0113j\u0101s vi\u0146iem ko pateikt.<\/p>\n<p>Uzklausot b\u0113rna st\u0101st\u012bto, pieaugu\u0161ie piezvan\u012bja uz 112, p\u0113c tam dev\u0101s iek\u0161\u0101 \u0113k\u0101. Deg\u0161ana norisin\u0101j\u0101s neliel\u0101 plat\u012bb\u0101, t\u0101p\u0113c vi\u0146i ar ugunsdz\u0113s\u012bbas apar\u0101tiem s\u0101ka dz\u0113\u0161anas darbus l\u012bdz br\u012bdim, kad ierad\u0101s ugunsdz\u0113s\u0113ji.<\/p>\n<p>VUGD aicina vec\u0101kus ar b\u0113rniem p\u0101rrun\u0101t pareizu r\u012bc\u012bbu, ja m\u0101jokl\u012b izce\u013cas ugunsgr\u0113ks. B\u0113rnam ir j\u0101izst\u0101sta, ka svar\u012bg\u0101kais ugunsgr\u0113ka gad\u012bjum\u0101 ir doties \u0101r\u0101 no \u0113kas vai t\u0101l\u0101k no deg\u0161anas un sad\u016bmojuma un gl\u0101bt sevi, nek\u0101d\u0101 gad\u012bjum\u0101 nevajag sl\u0113pties. B\u0113rnam redzam\u0101 viet\u0101 m\u0101jokl\u012b var novietot z\u012bm\u012bti ar telefona numuru 112, uz kuru zvan\u012bt, ja notikusi nelaime.<\/p>\n<p>L\u012bdz\u0101s tam svar\u012bgi, lai b\u0113rni zin\u0101tu, ka pal\u012bdz\u012bbu var mekl\u0113t ar\u012b pie pieaugu\u0161ajiem.<\/p>\n","protected":false},"excerpt":{"rendered":"Izsaukumu, kur\u0101 iz\u0161\u0137iro\u0161a bija b\u0113rna pareiza r\u012bc\u012bba, izce\u013coties ugunsgr\u0113kam vi\u0146a m\u0101jokl\u012b, VUGD izc\u0113lis diennakts notikumu kopsavilkum\u0101. Saj\u016btot sad\u016bmojumu&hellip;\n","protected":false},"author":2,"featured_media":107059,"comment_status":"","ping_status":"","sticky":false,"template":"","format":"standard","meta":{"footnotes":""},"categories":[12],"tags":[23,28,29,32,33,22,30,31,35,39,38,36,37,34,40,20,26,27,24,25,4909,4908,21],"class_list":{"0":"post-107058","1":"post","2":"type-post","3":"status-publish","4":"format-standard","5":"has-post-thumbnail","7":"category-latvija","8":"tag-aktualitates","9":"tag-breaking-news","10":"tag-breakingnews","11":"tag-featured-news","12":"tag-featurednews","13":"tag-headlines","14":"tag-latest-news","15":"tag-latestnews","16":"tag-latvia","17":"tag-latvian","18":"tag-latviesu","19":"tag-latviesu-valoda","20":"tag-latviesuvaloda","21":"tag-latvija","22":"tag-lv","23":"tag-news","24":"tag-popularakas-zinas","25":"tag-popularakaszinas","26":"tag-top-stories","27":"tag-topstories","28":"tag-valsts-ugunsdzesibas-un-glabsanas-dienests-vugd","29":"tag-vugd","30":"tag-zinas"},"share_on_mastodon":{"url":"https:\/\/pubeurope.com\/@lv\/115910392085516299","error":""},"_links":{"self":[{"href":"https:\/\/www.europesays.com\/lv\/wp-json\/wp\/v2\/posts\/107058","targetHints":{"allow":["GET"]}}],"collection":[{"href":"https:\/\/www.europesays.com\/lv\/wp-json\/wp\/v2\/posts"}],"about":[{"href":"https:\/\/www.europesays.com\/lv\/wp-json\/wp\/v2\/types\/post"}],"author":[{"embeddable":true,"href":"https:\/\/www.europesays.com\/lv\/wp-json\/wp\/v2\/users\/2"}],"replies":[{"embeddable":true,"href":"https:\/\/www.europesays.com\/lv\/wp-json\/wp\/v2\/comments?post=107058"}],"version-history":[{"count":0,"href":"https:\/\/www.europesays.com\/lv\/wp-json\/wp\/v2\/posts\/107058\/revisions"}],"wp:featuredmedia":[{"embeddable":true,"href":"https:\/\/www.europesays.com\/lv\/wp-json\/wp\/v2\/media\/107059"}],"wp:attachment":[{"href":"https:\/\/www.europesays.com\/lv\/wp-json\/wp\/v2\/media?parent=107058"}],"wp:term":[{"taxonomy":"category","embeddable":true,"href":"https:\/\/www.europesays.com\/lv\/wp-json\/wp\/v2\/categories?post=107058"},{"taxonomy":"post_tag","embeddable":true,"href":"https:\/\/www.europesays.com\/lv\/wp-json\/wp\/v2\/tags?post=107058"}],"curies":[{"name":"wp","href":"https:\/\/api.w.org\/{rel}","templated":true}]}}