{"id":107066,"date":"2026-01-17T12:21:12","date_gmt":"2026-01-17T12:21:12","guid":{"rendered":"https:\/\/www.europesays.com\/lv\/107066\/"},"modified":"2026-01-17T12:21:12","modified_gmt":"2026-01-17T12:21:12","slug":"latvijas-iedzivotaju-gaidas-par-pensijas-apmeru-vairak-neka-divas-reizes-parsniedz-realitati-jauns-lv","status":"publish","type":"post","link":"https:\/\/www.europesays.com\/lv\/107066\/","title":{"rendered":"Latvijas iedz\u012bvot\u0101ju gaidas par pensijas apm\u0113ru vair\u0101k nek\u0101 divas reizes p\u0101rsniedz realit\u0101ti &#8211; Jauns.lv"},"content":{"rendered":"<ol>\n<li><a href=\"https:\/\/news.google.com\/rss\/articles\/CBMiyAFBVV95cUxQZjRRSUNtYkUyRGlYOEJITUMyTUtublNLNGltV3h5c2lzeFNuNXdHeGxULWI1clJLV1JyZnNLLVV2YUlXN2VWdzgySmVLSHI0SFlDRkphNy1BTHBvdWVrRnJoOWNlZGdSLVdUa3ExZTlTbnJKZkZjWDdmUjVQdGVDdzJKMmtqSVJ1LVdKWlVPejlPVEZ6Q3VqejZ2dXU4WkU5Mjg2dXBDZVJ4YldVSXZSMUYzbU1FWnp3UnYxXzRFU0RNd2VXUHBxTQ?oc=5\" target=\"_blank\" rel=\"nofollow noopener\">Latvijas iedz\u012bvot\u0101ju gaidas par pensijas apm\u0113ru vair\u0101k nek\u0101 divas reizes p\u0101rsniedz realit\u0101ti<\/a>&nbsp;&nbsp;Jauns.lv<\/li>\n<li><a href=\"https:\/\/news.google.com\/rss\/articles\/CBMiwAFBVV95cUxNUU1oU2ZVSDB2Y1k2Y0V2R3ljSUtoWTRrZXVWVFFmTnBBck0yaVZpUERqbEp2bXZOMzZWRXladHhaeXl2T1pia3BrbjlnNVNZdWdjb2FTS2t0ejd4MHlmMEVFU3pBSURuQ0ZRdXN3QkpIZDlVNUtwV3Q0QjM1ZVR6a0NVbUo2MldTLVl2T0lLTUpEZWhQY3FGNXRPMXBOaFF0UFVnOGlQWUFyOFl5U2U1c0VmbkxCdlpNVXZtNGRqd1Y?oc=5\" target=\"_blank\" rel=\"nofollow noopener\">\u201cGandr\u012bz katrs ceturtais Latvij\u0101 dz\u012bvo nabadz\u012bbas risk\u0101.\u201d Cilv\u0113ki dal\u0101s skarbos st\u0101stos par pensij\u0101m Latvij\u0101<\/a>&nbsp;&nbsp;LA.LV<\/li>\n<li><a href=\"https:\/\/news.google.com\/rss\/articles\/CBMiowFBVV95cUxPZHBjNDJBcjE1VzNQYjNDR1drUnEzMkRMWjZJTEwwbjZiSnh2c3NHbmxNeVJZbHI5eUhtRGlWZmdlYi1QQjh1TVpjZ2VMeVhkTDZvdDdaWWZydWcxQUdFLV9HLUZBVmRDMU9WRjlKdjVNbGF0eE8tNVo3STJpbTF0SV9fREt2NGxnZWNPUXhwdFZKTU91eWFncHZaMklXSUZyeGxJ?oc=5\" target=\"_blank\" rel=\"nofollow noopener\">Vid\u0113j\u0101 pensija novembr\u012b v\u012brie\u0161iem bijusi par 120 eiro liel\u0101ka nek\u0101 sieviet\u0113m<\/a>&nbsp;&nbsp;NRA<\/li>\n<li><a href=\"https:\/\/news.google.com\/rss\/articles\/CBMi2wFBVV95cUxOR0NLN3I5NFZnc0FDNHRTMDFaM0NHUlFDM1NPUTdxcDRQT0pxeUdaOXJvaElNLTNON2ZNNEctc2dsbHlJbUlSQTZ0TUFsOXMxTWZRNy13U2xUQ2NSMEhJZ2Y4OXp4YnVWMEhkalhXNW5JZVNjcE9EaHNTNFBNMFQ2eXlfQTl5NGtwYlB5d1lad1lVcWVXcnJ5MWlCNXljcnhDT1ZUS2lUQm05WXZNRlgyT1hhbDVqUUY5VDUzay1QSVZIZzR1M3VqV1J1S0dHMmxRenh1Qk8tX2JzQ0U?oc=5\" target=\"_blank\" rel=\"nofollow noopener\">Latvijas iedz\u012bvot\u0101ji gaida dubultotu pensiju, bet sa\u0146em iev\u0113rojami maz\u0101k: ko r\u0101da aptaujas<\/a>&nbsp;&nbsp;Lente.lv<\/li>\n<li><a href=\"https:\/\/news.google.com\/rss\/articles\/CBMipwFBVV95cUxPMjZSQjRXUE80U0hBUHlFVVd0U29xVFJMekIyQWZfRUdMcXRuMEQ5cWV4R3NRMzVZNWdIX3JBcGhUdnVwSVFoOWVubzJVZ1hHNVFla2Y0d1ZteXdEV05NYTdRRlBRVXlQRHNleFNnMXdHYzJUV1RaVExzaWdJRkJyVDZrTy1wLUlnU2JpRVQ2UndaeGQ0aExZeE5JamVHbE9VX0VqZ1pxaw?oc=5\" target=\"_blank\" rel=\"nofollow noopener\">Novembr\u012b vid\u0113j\u0101 vecuma pensija Latvij\u0101 bija nepilni 673 eiro<\/a>&nbsp;&nbsp;BauskasDzive.lv<\/li>\n<\/ol>\n","protected":false},"excerpt":{"rendered":"Latvijas iedz\u012bvot\u0101ju gaidas par pensijas apm\u0113ru vair\u0101k nek\u0101 divas reizes p\u0101rsniedz realit\u0101ti&nbsp;&nbsp;Jauns.lv \u201cGandr\u012bz katrs ceturtais Latvij\u0101 dz\u012bvo nabadz\u012bbas&hellip;\n","protected":false},"author":2,"featured_media":107067,"comment_status":"","ping_status":"","sticky":false,"template":"","format":"standard","meta":{"footnotes":""},"categories":[12],"tags":[23,28,29,32,33,22,30,31,35,39,38,36,37,34,40,20,26,27,24,25,21],"class_list":{"0":"post-107066","1":"post","2":"type-post","3":"status-publish","4":"format-standard","5":"has-post-thumbnail","7":"category-latvija","8":"tag-aktualitates","9":"tag-breaking-news","10":"tag-breakingnews","11":"tag-featured-news","12":"tag-featurednews","13":"tag-headlines","14":"tag-latest-news","15":"tag-latestnews","16":"tag-latvia","17":"tag-latvian","18":"tag-latviesu","19":"tag-latviesu-valoda","20":"tag-latviesuvaloda","21":"tag-latvija","22":"tag-lv","23":"tag-news","24":"tag-popularakas-zinas","25":"tag-popularakaszinas","26":"tag-top-stories","27":"tag-topstories","28":"tag-zinas"},"share_on_mastodon":{"url":"https:\/\/pubeurope.com\/@lv\/115910415820135394","error":""},"_links":{"self":[{"href":"https:\/\/www.europesays.com\/lv\/wp-json\/wp\/v2\/posts\/107066","targetHints":{"allow":["GET"]}}],"collection":[{"href":"https:\/\/www.europesays.com\/lv\/wp-json\/wp\/v2\/posts"}],"about":[{"href":"https:\/\/www.europesays.com\/lv\/wp-json\/wp\/v2\/types\/post"}],"author":[{"embeddable":true,"href":"https:\/\/www.europesays.com\/lv\/wp-json\/wp\/v2\/users\/2"}],"replies":[{"embeddable":true,"href":"https:\/\/www.europesays.com\/lv\/wp-json\/wp\/v2\/comments?post=107066"}],"version-history":[{"count":0,"href":"https:\/\/www.europesays.com\/lv\/wp-json\/wp\/v2\/posts\/107066\/revisions"}],"wp:featuredmedia":[{"embeddable":true,"href":"https:\/\/www.europesays.com\/lv\/wp-json\/wp\/v2\/media\/107067"}],"wp:attachment":[{"href":"https:\/\/www.europesays.com\/lv\/wp-json\/wp\/v2\/media?parent=107066"}],"wp:term":[{"taxonomy":"category","embeddable":true,"href":"https:\/\/www.europesays.com\/lv\/wp-json\/wp\/v2\/categories?post=107066"},{"taxonomy":"post_tag","embeddable":true,"href":"https:\/\/www.europesays.com\/lv\/wp-json\/wp\/v2\/tags?post=107066"}],"curies":[{"name":"wp","href":"https:\/\/api.w.org\/{rel}","templated":true}]}}