{"id":107092,"date":"2026-01-17T12:45:06","date_gmt":"2026-01-17T12:45:06","guid":{"rendered":"https:\/\/www.europesays.com\/lv\/107092\/"},"modified":"2026-01-17T12:45:06","modified_gmt":"2026-01-17T12:45:06","slug":"latvija-un-galvaspilseta-ar-dazadiem-pasakumiem-turpinas-barikazu-atceres-laiks-raksts","status":"publish","type":"post","link":"https:\/\/www.europesays.com\/lv\/107092\/","title":{"rendered":"Latvij\u0101 un galvaspils\u0113t\u0101 ar da\u017e\u0101diem pas\u0101kumiem turpin\u0101s barik\u0101\u017eu atceres laiks \/ Raksts"},"content":{"rendered":"<p>Latvij\u0101 turpin\u0101s barik\u0101\u017eu atceres laiks, un \u0161odien R\u012bg\u0101 1991. gada barik\u0101\u017eu norises objektos \u2013 Saeim\u0101, Ministru kabinet\u0101 un uz\u0146\u0113muma &#8220;Tet&#8221; centr\u0101laj\u0101 biroj\u0101 Dzirnavu iel\u0101 jeb biju\u0161aj\u0101 Telegr\u0101fa un telefona centr\u0101l\u0113 \u2013 ir atv\u0113rto durvju dienas.<\/p>\n<p>Saeim\u0101 atv\u0113rto durvju diena notiks l\u012bdz se\u0161iem vakar\u0101. Te ikviens apmekl\u0113t\u0101js var apskat\u012bt Saeimas veidoto ekspoz\u012bciju ar v\u0113sturiskajiem 1991. gada janv\u0101ra barik\u0101\u017eu laika fotomirk\u013ciem un jaunie\u0161u fotokonkursa &#8220;Misija: fotogr\u0101fs&#8221; darbiem.\u00a0Barik\u0101\u017eu laika fotogr\u0101fij\u0101s iem\u016b\u017ein\u0101ti tautas vienot\u012bbas un drosmes mirk\u013ci, savuk\u0101rt jaunie\u0161i savos darbos par\u0101da to, kas raksturo m\u016bsu dz\u012bvi \u0161odien un veido kop\u012bgo atmi\u0146u.<\/p>\n<p>L\u012bdz\u0101s ekspoz\u012bcijai pas\u0101kum\u0101 var sastapt barik\u0101\u017eu laika aculieciniekus, kuri dal\u0101s person\u012bgajos st\u0101stos par notikumiem Augst\u0101kaj\u0101 padom\u0113 un pie parlamenta. Par t\u0101 laika noris\u0113m v\u0113sta ar\u012b videost\u0101sts, bet pie Saeimas nama apl\u016bkojami ar\u012b vair\u0101ki v\u0113sturiski transportl\u012bdzek\u013ci.<\/p>\n<p>Latvijas Radio uzrun\u0101ja ar\u012b vair\u0101kus cilv\u0113kus, kas tur bija san\u0101ku\u0161i, lai noskaidrotu, ko vi\u0146iem noz\u012bm\u0113 \u0161is laiks.\u00a0Vairums bija t\u0101di, kas pirms 35 gadiem bija v\u0113l \u013coti jauni un t\u0101p\u0113c vi\u0146iem pa\u0161iem savu atmi\u0146u par \u0161o laiku nav, ta\u010du da\u013cai barik\u0101d\u0113s piedal\u012bju\u0161ies vec\u0101ki vai citi \u0123imenes locek\u013ci.<\/p>\n<p>R\u012bg\u0101 sastaptie cilv\u0113ki dal\u0101s p\u0101rdom\u0101s par barik\u0101\u017eu laiku<\/p>\n<p>&#8220;Es dom\u0101ju, svar\u012bgi ir tie\u0161i tas, ka tie, kas tur bija, kas piedal\u012bj\u0101s, lai vi\u0146i maksim\u0101li daudz par to run\u0101, jo t\u0101 ir tie\u0161\u0101 liec\u012bba, kas ir nep\u0101rveidota, patiesa. V\u0113l\u0101k v\u0113sturnieki sast\u0101st\u012bs, ko vien grib, bet \u0161obr\u012bd tie, kas tur bija \u2013 vi\u0146i run\u0101 savas atmi\u0146as t\u0101 k\u0101 tas tie\u0161\u0101m bija,&#8221; st\u0101sta viena no apmekl\u0113t\u0101j\u0101m.<\/p>\n<blockquote>\n<p>&#8220;Ir j\u0101iedvesmojas no cilv\u0113kiem, kuriem savulaik ir bijusi drosme kaut ko t\u0101du dar\u012bt. Un \u0161odienas notikumi mums r\u0101da, ka mums, iesp\u0113jams, ar\u012b vajadz\u0113s drosmi kaut ko dar\u012bt, lai pasarg\u0101tu sevi no sve\u0161as varas,&#8221; v\u0113rt\u0113ja cits tur sastaptais r\u012bdzinieks.<\/p>\n<\/blockquote>\n<p>&#8220;Bez m\u016bsu pag\u0101tnes, k\u0101 zin\u0101ms, nav \u0161odienas un bez \u0161odienas nav ar\u012b r\u012btdienas. Tas ir k\u0101 vienots process, kas iet. Un sava v\u0113sture ir katram cilv\u0113kam j\u0101zina,&#8221; savuk\u0101rt pauda v\u0113l k\u0101da pas\u0101kum\u0101 sastapta sieviete.<\/p>\n<p>Pas\u0101kum\u0101 var\u0113ja sastapt ar\u012b barik\u0101\u017eu laikabiedrus, kuri dal\u012bj\u0101s person\u012bgajos st\u0101stos par t\u0101 laika notikumiem. Un viens no tiem bija Augst\u0101k\u0101s padomes Aizsardz\u012bbas un iek\u0161lietu komisijas priek\u0161s\u0113d\u0113t\u0101js T\u0101lavs Jundzis, kur\u0161 uzsver, ka m\u016bsdien\u0101s vairs t\u0101das barik\u0101des k\u0101 bija pirms 35 gadiem vairs nevar\u0113tu notikt, bet, ja \u0161\u0101d\u0101 simbolisk\u0101 veid\u0101 Latvijas sabiedr\u012bbai b\u016btu j\u0101san\u0101k kop\u0101, lai aizsarg\u0101tu savu valsti, tad vi\u0146am nav \u0161aubu, ka tas ar\u012b notiktu:<\/p>\n<p>Augst\u0101k\u0101s padomes Aizsardz\u012bbas un iek\u0161lietu komisijas priek\u0161s\u0113d\u0113t\u0101js T\u0101lavs Jundzis par barik\u0101\u017eu laiku<\/p>\n<p>&#8220;Mana p\u0101rliec\u012bba ir t\u0101da, ka, lai ar\u012b k\u0101 m\u0113s tagad kritiz\u0113tu vald\u012bbu \u2013 mums, protams, daudz kas nepat\u012bk, un mums tas dz\u012bves l\u012bmenis daudziem nav t\u0101ds, k\u0101 m\u0113s grib\u0113tu, un tr\u016bkumu cilv\u0113ki pat cie\u0161 \u2013 , bet, ja \u0161\u012b &#8220;X&#8221; stunda pien\u0101ks, tad man nav ne maz\u0101ko \u0161aubu, ka notiks tie\u0161i tas pats, kas 13. janv\u0101r\u012b. M\u0113s atkal visi san\u0101ksim tur, kur tas b\u016bs vajadz\u012bgs un dar\u012bsim, ko katrs varam \u2013 kur\u0161 \u0146ems ieroci rok\u0101, kur\u0161 l\u0101pstas rok\u0101s un raks ierakumus, un t\u0101 t\u0101l\u0101k.<\/p>\n<blockquote>\n<p>Mums tagad saka, ka vair\u0101k j\u0101audzina patriotisms, jaunie\u0161i nezina v\u0113sturi. T\u0101 jau ir, bet kur\u0161 mums to patriotismu m\u0101c\u012bja un audzin\u0101ja pirms 13. janv\u0101ra 1991. gad\u0101? Tas kaut kur mums ir iek\u0161\u0101 \u2013 \u0161\u012b dzimtenes m\u012blest\u012bba.&#8221;<\/p>\n<\/blockquote>\n<p>Atv\u0113rto durvju diena l\u012bdz pat asto\u0146iem vakar\u0101 notiek ar\u012b Ministru kabinet\u0101, kur pie vald\u012bbas \u0113kas skat\u0101ma barik\u0101\u017eu laik\u0101 \u0113kas aizsardz\u012bbai izmantot\u0101 tehnika. Savuk\u0101rt vald\u012bbas m\u0101j\u0101 ir skat\u0101ma \u012bpa\u0161a fotogr\u0101fiju ekspoz\u012bcija. Taj\u0101 iek\u013cautas fotom\u0101kslinieka Gun\u0101ra Bindes barik\u0101\u017eu laika fotogr\u0101fijas, k\u0101 ar\u012b Ministru kabineta v\u0113sturiskie barik\u0101\u017eu fotomirk\u013ci, kas dokument\u0113 t\u0101 laika notikumus un noska\u0146u, un apmekl\u0113t\u0101jiem ir iesp\u0113ja iel\u016bkoties ar\u012b t\u0101 laika vald\u012bbas r\u012bkojumos, noskat\u012bties filmu un apl\u016bkot citas lietas.<\/p>\n<p>Piecos vakar\u0101 Doma laukum\u0101 b\u016bs koncerts, kas velt\u012bts 1991. gada barik\u0101\u017eu 35. gadadienai, godinot barik\u0101\u017eu dal\u012bbniekus, vi\u0146u drosmi, atmi\u0146as un sniedzot pateic\u012bbu par ieguld\u012bjumu Latvijas neatkar\u012bbas nosarg\u0101\u0161an\u0101.<\/p>\n<blockquote>\n<p>Koncert\u0101 skan\u0113s Atmodas laika simbolisk\u0101s dziesmas un m\u016bsdienu ska\u0146darbi, kuros dz\u012bvo Atmodas laika izj\u016btas, dv\u0113seles stiprums un m\u012blest\u012bba pret Latviju. To var\u0113s v\u0113rot ne tikai kl\u0101tien\u0113, bet ar\u012b tie\u0161raid\u0113s Latvijas Telev\u012bzij\u0101 un Latvijas Radio.<\/p>\n<\/blockquote>\n<p>Pirms 35 gadiem 13. janv\u0101r\u012b iedz\u012bvot\u0101ji R\u012bg\u0101 s\u0101ka pulc\u0113ties Doma laukum\u0101, lai aizst\u0101v\u0113tu Latvijai strat\u0113\u0123iski svar\u012bgus objektus un tajos nep\u0101r\u0146emtu kontroli Padomju varas iest\u0101des. Barik\u0101d\u0113s piedal\u012bj\u0101s ap 50 000 cilv\u0113ku no visas Latvijas. Godinot barik\u0101\u017eu aizst\u0101vjus, vair\u0101ku dienu garum\u0101 norit da\u017e\u0101di koncerti, piemi\u0146as pas\u0101kumi, ekskursijas, atmi\u0146u st\u0101stu vakari, foto izst\u0101des un citas aktivit\u0101tes.<\/p>\n<p>                    Valodas k\u013c\u016bda rakst\u0101?<\/p>\n<p class=\"d-none d-md-block\">Iez\u012bm\u0113jiet tekstu un spiediet Ctrl+Enter, lai nos\u016bt\u012btu labojamo teksta fragmentu redaktoram! Par faktu k\u013c\u016bd\u0101m l\u016bdzam zi\u0146ot e-past\u0101 <a href=\"https:\/\/www.lsm.lv\/cdn-cgi\/l\/email-protection\" class=\"__cf_email__\" data-cfemail=\"80f2e5e4e1ebe3e9eae1c0ecf3edaeecf6\" rel=\"nofollow noopener\" target=\"_blank\">[email\u00a0protected]<\/a>.<\/p>\n<p class=\"d-md-none\">Iez\u012bm\u0113jiet tekstu un spiediet uz Zi\u0146ot par k\u013c\u016bdu pogas, lai nos\u016bt\u012btu labojamo teksta fragmentu redaktoram!<\/p>\n<p>\n                    Zi\u0146ot par k\u013c\u016bdu\n                <\/p>\n","protected":false},"excerpt":{"rendered":"Latvij\u0101 turpin\u0101s barik\u0101\u017eu atceres laiks, un \u0161odien R\u012bg\u0101 1991. gada barik\u0101\u017eu norises objektos \u2013 Saeim\u0101, Ministru kabinet\u0101 un&hellip;\n","protected":false},"author":2,"featured_media":107093,"comment_status":"","ping_status":"","sticky":false,"template":"","format":"standard","meta":{"footnotes":""},"categories":[12],"tags":[23,28,29,32,33,22,30,31,35,39,38,36,37,34,40,20,26,27,24,25,21],"class_list":{"0":"post-107092","1":"post","2":"type-post","3":"status-publish","4":"format-standard","5":"has-post-thumbnail","7":"category-latvija","8":"tag-aktualitates","9":"tag-breaking-news","10":"tag-breakingnews","11":"tag-featured-news","12":"tag-featurednews","13":"tag-headlines","14":"tag-latest-news","15":"tag-latestnews","16":"tag-latvia","17":"tag-latvian","18":"tag-latviesu","19":"tag-latviesu-valoda","20":"tag-latviesuvaloda","21":"tag-latvija","22":"tag-lv","23":"tag-news","24":"tag-popularakas-zinas","25":"tag-popularakaszinas","26":"tag-top-stories","27":"tag-topstories","28":"tag-zinas"},"share_on_mastodon":{"url":"https:\/\/pubeurope.com\/@lv\/115910510033231986","error":""},"_links":{"self":[{"href":"https:\/\/www.europesays.com\/lv\/wp-json\/wp\/v2\/posts\/107092","targetHints":{"allow":["GET"]}}],"collection":[{"href":"https:\/\/www.europesays.com\/lv\/wp-json\/wp\/v2\/posts"}],"about":[{"href":"https:\/\/www.europesays.com\/lv\/wp-json\/wp\/v2\/types\/post"}],"author":[{"embeddable":true,"href":"https:\/\/www.europesays.com\/lv\/wp-json\/wp\/v2\/users\/2"}],"replies":[{"embeddable":true,"href":"https:\/\/www.europesays.com\/lv\/wp-json\/wp\/v2\/comments?post=107092"}],"version-history":[{"count":0,"href":"https:\/\/www.europesays.com\/lv\/wp-json\/wp\/v2\/posts\/107092\/revisions"}],"wp:featuredmedia":[{"embeddable":true,"href":"https:\/\/www.europesays.com\/lv\/wp-json\/wp\/v2\/media\/107093"}],"wp:attachment":[{"href":"https:\/\/www.europesays.com\/lv\/wp-json\/wp\/v2\/media?parent=107092"}],"wp:term":[{"taxonomy":"category","embeddable":true,"href":"https:\/\/www.europesays.com\/lv\/wp-json\/wp\/v2\/categories?post=107092"},{"taxonomy":"post_tag","embeddable":true,"href":"https:\/\/www.europesays.com\/lv\/wp-json\/wp\/v2\/tags?post=107092"}],"curies":[{"name":"wp","href":"https:\/\/api.w.org\/{rel}","templated":true}]}}