{"id":107163,"date":"2026-01-17T14:46:20","date_gmt":"2026-01-17T14:46:20","guid":{"rendered":"https:\/\/www.europesays.com\/lv\/107163\/"},"modified":"2026-01-17T14:46:20","modified_gmt":"2026-01-17T14:46:20","slug":"zviedrija-pastiprina-militaro-klatbutni-latvija-kadas-iespejas-tas-paver-biznesam-delfi","status":"publish","type":"post","link":"https:\/\/www.europesays.com\/lv\/107163\/","title":{"rendered":"Zviedrija pastiprina milit\u0101ro kl\u0101tb\u016btni Latvij\u0101: k\u0101das iesp\u0113jas tas paver biznesam? &#8211; Delfi"},"content":{"rendered":"<ol>\n<li><a href=\"https:\/\/news.google.com\/rss\/articles\/CBMi2gFBVV95cUxPVW5xbTZPbnpTNEVidUVGeGZVVlpKd3NfNlJXSXVTM082YUN6ZmgybndJRE55cWktb2o5MUpoSFQ2dmx1MkJ0TDBQSm12Qm5RQmJBVmhpUlVvU1B5TzBmaWNBZl93ZEt2RTlCNy16Ry0zN3VpMzNETHUzeE1YTndyVE0waUlfdGJxTzdFOHJ1bjdWZ0FYZDJTaXV2cUhkV29HUENidUhsd25NODJvT19aTDRVRHQzM1d5cnlWaERibmJJR3pURnB2Mk16RUUtRmR3Ui1hc3FOT1Brdw?oc=5\" target=\"_blank\" rel=\"nofollow noopener\">Zviedrija pastiprina milit\u0101ro kl\u0101tb\u016btni Latvij\u0101: k\u0101das iesp\u0113jas tas paver biznesam?<\/a>&nbsp;&nbsp;Delfi<\/li>\n<li><a href=\"https:\/\/news.google.com\/rss\/articles\/CBMivAFBVV95cUxOaVFaT1JNTmlETUFCMXFpTF9ZWWJ1QW5FYTlEMVNzeHktaExOUHc3aGxvQy16elZ1N0Fka0tUUlQ0VTNPN3lObUQwS3ltZ0JWYnQtdUtBeEZPMEJVVDdxODBsdnhnQ183R0t5Y2Qxakc3al90X0ZocFNvQlJpUUVHcmtSTmVIck83dVJBX0hjTlRMamxQdWs0WlpVcHhVRmhldlVuS19LMmtJQXdCa1JDdmJLRDZUUXRCRzM0bA?oc=5\" target=\"_blank\" rel=\"nofollow noopener\">Zviedrija \u0161ogad Latvij\u0101 izvietos \u00abArcher\u00bb artil\u0113rijas sist\u0113mas \/ Raksts<\/a>&nbsp;&nbsp;LSM<\/li>\n<li><a href=\"https:\/\/news.google.com\/rss\/articles\/CBMinAFBVV95cUxPMHVtek1UMnltNjdnLXVudUNadU85X1N5UHI5R0pqaFBrVFJVeHVhNmRld2Nob0IydExRdWFwTnhranZiLVlGWURQNklYR1l3VkVOcXZJWmhEWVNfN3hSVXJiOENDMkJ5T0ZjU3hROXEwT19VbTQwbzR1R0pXOVd4cVQyVzc4ZDFzWlRyUzNaZDVLWm15RTFxVGZJbEE?oc=5\" target=\"_blank\" rel=\"nofollow noopener\">Latvija un Zviedrija parakst\u012bs vieno\u0161anos par sp\u0113c\u012bg\u0101ku aizsardz\u012bbu<\/a>&nbsp;&nbsp;TVNET<\/li>\n<li><a href=\"https:\/\/news.google.com\/rss\/articles\/CBMiqwFBVV95cUxOTXIzNXpfb3FmcGh6Rm9NakNVb3ZlN3FzNXduZ0VMeGQwWFpKTlYwQU0xM0k0ZlFnZDlUOGdHbU1RWWRyMFZzX3AzNmNncjN2T3Y2SDJNV2RBYXpnUUVXeS1CWklIcFNiQnB0WnUxTldfS3VPQWxwSG03dy1qcDI5LWwyYlJRdE1GSmQwTnMzYlZvQU9iMGFKZjJaaFJSdlp0cjZfeWtrdUg0MDA?oc=5\" target=\"_blank\" rel=\"nofollow noopener\">Latvij\u0101 \u0161ogad par\u0101d\u012bsies pirm\u0101s Zviedrijas &#8220;Archer&#8221; artil\u0113rijas sist\u0113mas<\/a>&nbsp;&nbsp;NRA<\/li>\n<li><a href=\"https:\/\/news.google.com\/rss\/articles\/CBMi2gFBVV95cUxOYTVXNmkzZGpNS0sxX0lBeWphMzdyTzRzODVvR1VGOWFURFhpTnBzMEx6dEFXa29ZbVZUeXVta3NpQWFDeGJ6ckx1WTROWDFTWEloMkMzZUJsb3hfdnhxUm5fTTNNbHdmdDJyZ3NsdjJnTFJxMXJNdDNPbHhJcEFHNTVSQUNrc0UwTUtqSVZWZVpzdzZLQV92Q051cm55SWtUdEdnX2YzYmZSVm5ISi0tOU1iTnNDRXdGNGY4VVVPQ0tGZWRCbTY2ZUhJSkY5ZjV5RGIzRFRDalhuQQ?oc=5\" target=\"_blank\" rel=\"nofollow noopener\">Latvijas vald\u012bba atbalsta modernu &#8220;Archer&#8221; artil\u0113rijas sist\u0113mu ieg\u0101di bru\u0146otajiem sp\u0113kiem<\/a>&nbsp;&nbsp;Lente.lv<\/li>\n<\/ol>\n","protected":false},"excerpt":{"rendered":"Zviedrija pastiprina milit\u0101ro kl\u0101tb\u016btni Latvij\u0101: k\u0101das iesp\u0113jas tas paver biznesam?&nbsp;&nbsp;Delfi Zviedrija \u0161ogad Latvij\u0101 izvietos \u00abArcher\u00bb artil\u0113rijas sist\u0113mas \/&hellip;\n","protected":false},"author":2,"featured_media":107164,"comment_status":"","ping_status":"","sticky":false,"template":"","format":"standard","meta":{"footnotes":""},"categories":[5],"tags":[23,622,28,29,32,33,22,30,31,35,39,38,36,37,34,40,20,26,27,24,25,21],"class_list":{"0":"post-107163","1":"post","2":"type-post","3":"status-publish","4":"format-standard","5":"has-post-thumbnail","7":"category-aktualitates","8":"tag-aktualitates","9":"tag-austrumu-flangs","10":"tag-breaking-news","11":"tag-breakingnews","12":"tag-featured-news","13":"tag-featurednews","14":"tag-headlines","15":"tag-latest-news","16":"tag-latestnews","17":"tag-latvia","18":"tag-latvian","19":"tag-latviesu","20":"tag-latviesu-valoda","21":"tag-latviesuvaloda","22":"tag-latvija","23":"tag-lv","24":"tag-news","25":"tag-popularakas-zinas","26":"tag-popularakaszinas","27":"tag-top-stories","28":"tag-topstories","29":"tag-zinas"},"share_on_mastodon":{"url":"https:\/\/pubeurope.com\/@lv\/115910985826339938","error":""},"_links":{"self":[{"href":"https:\/\/www.europesays.com\/lv\/wp-json\/wp\/v2\/posts\/107163","targetHints":{"allow":["GET"]}}],"collection":[{"href":"https:\/\/www.europesays.com\/lv\/wp-json\/wp\/v2\/posts"}],"about":[{"href":"https:\/\/www.europesays.com\/lv\/wp-json\/wp\/v2\/types\/post"}],"author":[{"embeddable":true,"href":"https:\/\/www.europesays.com\/lv\/wp-json\/wp\/v2\/users\/2"}],"replies":[{"embeddable":true,"href":"https:\/\/www.europesays.com\/lv\/wp-json\/wp\/v2\/comments?post=107163"}],"version-history":[{"count":0,"href":"https:\/\/www.europesays.com\/lv\/wp-json\/wp\/v2\/posts\/107163\/revisions"}],"wp:featuredmedia":[{"embeddable":true,"href":"https:\/\/www.europesays.com\/lv\/wp-json\/wp\/v2\/media\/107164"}],"wp:attachment":[{"href":"https:\/\/www.europesays.com\/lv\/wp-json\/wp\/v2\/media?parent=107163"}],"wp:term":[{"taxonomy":"category","embeddable":true,"href":"https:\/\/www.europesays.com\/lv\/wp-json\/wp\/v2\/categories?post=107163"},{"taxonomy":"post_tag","embeddable":true,"href":"https:\/\/www.europesays.com\/lv\/wp-json\/wp\/v2\/tags?post=107163"}],"curies":[{"name":"wp","href":"https:\/\/api.w.org\/{rel}","templated":true}]}}