{"id":107178,"date":"2026-01-17T15:32:08","date_gmt":"2026-01-17T15:32:08","guid":{"rendered":"https:\/\/www.europesays.com\/lv\/107178\/"},"modified":"2026-01-17T15:32:08","modified_gmt":"2026-01-17T15:32:08","slug":"nosaukti-2025-gada-popularakie-jaundzimuso-vardi-valmieras-novada","status":"publish","type":"post","link":"https:\/\/www.europesays.com\/lv\/107178\/","title":{"rendered":"Nosaukti 2025. gada popul\u0101r\u0101kie jaundzimu\u0161o v\u0101rdi Valmieras novad\u0101"},"content":{"rendered":"<p>Valmieras novad\u0101 2025. gad\u0101 re\u0123istr\u0113ti 348 <a href=\"https:\/\/www.apollo.lv\/term\/572175\/jaundzimusie\" class=\"topicLink\" target=\"_blank\" rel=\"nofollow noopener\">jaundzimu\u0161ie<\/a>, no kuriem 184 ir z\u0113ni un 164 &#8211; meitenes. Liel\u0101kais dzimu\u0161o skaits &#8211; 40 b\u0113rni &#8211; re\u0123istr\u0113ts septembr\u012b.<\/p>\n<p>Katram Valmieras novad\u0101 deklar\u0113tajam jaundzimu\u0161ajam pa\u0161vald\u012bba pie\u0161\u0137ir 200 eiro pabalstu, k\u0101 ar\u012b d\u0101vina gr\u0101matu &#8220;M\u016bsu b\u0113rns&#8221;, suven\u012bra lell\u012bti &#8220;Valmieri\u0146\u0161&#8221; un dzim\u0161anas apliec\u012bbas v\u0101kus.<\/p>\n<p>Vec\u0101ki p\u0113rn saviem b\u0113rniem izv\u0113l\u0113ju\u0161ies gan tradicion\u0101lus, gan ar\u012b ret\u0101k sastopamus v\u0101rdus.<\/p>\n<blockquote class=\"quote ck-widget\" contenteditable=\"false\">\n<p>Z\u0113niem k\u0101 pamatv\u0101rdi visvair\u0101k doti v\u0101rdi Teodors, K\u0101rlis, Alberts, Em\u012bls, Everts, L\u016bkass, Reinis un Ri\u010dards, savuk\u0101rt meiten\u0113m &#8211; Anna, Estere, Gabriela, Marta, Adele, Alise, Let\u012bcija, Lu\u012bze un Paula.<\/p>\n<\/blockquote>\n<p>Valmieras novad\u0101 2025. gad\u0101 re\u0123istr\u0113tas 307 laul\u012bbas, tostarp 11 bazn\u012bc\u0101 un asto\u0146as &#8211; Valmieras cietum\u0101. Sal\u012bdzinot ar 2024. gadu, p\u0113rn nosl\u0113gtas par 16 laul\u012bb\u0101m vair\u0101k. Visvair\u0101k laul\u012bbu &#8211; 66 &#8211; re\u0123istr\u0113tas august\u0101. J\u016blij\u0101 nosl\u0113gtas 44 laul\u012bbas, bet maij\u0101 &#8211; 42.<\/p>\n<p>P\u0113rn Valmieras novad\u0101 sveikti 18 zelta k\u0101zas atz\u012bm\u0113jo\u0161i p\u0101ri, kas laul\u012bb\u0101 pavad\u012bju\u0161i 50 gadus, \u010detri dimanta k\u0101zu svin\u0113t\u0101ji, kas kop\u0101 ir 60 gadus, un divi briljanta k\u0101zas atz\u012bm\u0113jo\u0161i p\u0101ri, kuru kopdz\u012bve ilgs jau 70 gadus.<\/p>\n<p>Valmieras novad\u0101 p\u0113rn nomiru\u0161i 968 cilv\u0113ki, kas ir par 70 cilv\u0113kiem vair\u0101k nek\u0101 2024. gad\u0101. Visaugst\u0101kais miru\u0161o skaits re\u0123istr\u0113ts mart\u0101 un septembr\u012b, kad miru\u0161i 92 cilv\u0113ki. 2025. gad\u0101 miru\u0161o sievie\u0161u skaits bija par 6,1% liel\u0101ks nek\u0101 miru\u0161o v\u012brie\u0161u.<\/p>\n","protected":false},"excerpt":{"rendered":"Valmieras novad\u0101 2025. gad\u0101 re\u0123istr\u0113ti 348 jaundzimu\u0161ie, no kuriem 184 ir z\u0113ni un 164 &#8211; meitenes. Liel\u0101kais dzimu\u0161o&hellip;\n","protected":false},"author":2,"featured_media":107179,"comment_status":"","ping_status":"","sticky":false,"template":"","format":"standard","meta":{"footnotes":""},"categories":[14],"tags":[23,57,28,29,32,33,22,15229,23996,30,31,35,39,38,36,37,34,40,20,26,27,24,25,481,54,55,56,21,58],"class_list":{"0":"post-107178","1":"post","2":"type-post","3":"status-publish","4":"format-standard","5":"has-post-thumbnail","7":"category-zinas-no-arvalstim","8":"tag-aktualitates","9":"tag-arvalstim","10":"tag-breaking-news","11":"tag-breakingnews","12":"tag-featured-news","13":"tag-featurednews","14":"tag-headlines","15":"tag-jaundzimusais","16":"tag-jaundzimusie","17":"tag-latest-news","18":"tag-latestnews","19":"tag-latvia","20":"tag-latvian","21":"tag-latviesu","22":"tag-latviesu-valoda","23":"tag-latviesuvaloda","24":"tag-latvija","25":"tag-lv","26":"tag-news","27":"tag-popularakas-zinas","28":"tag-popularakaszinas","29":"tag-top-stories","30":"tag-topstories","31":"tag-valmiera","32":"tag-world","33":"tag-world-news","34":"tag-worldnews","35":"tag-zinas","36":"tag-zinas-no-arvalstim"},"share_on_mastodon":{"url":"https:\/\/pubeurope.com\/@lv\/115911166796756242","error":""},"_links":{"self":[{"href":"https:\/\/www.europesays.com\/lv\/wp-json\/wp\/v2\/posts\/107178","targetHints":{"allow":["GET"]}}],"collection":[{"href":"https:\/\/www.europesays.com\/lv\/wp-json\/wp\/v2\/posts"}],"about":[{"href":"https:\/\/www.europesays.com\/lv\/wp-json\/wp\/v2\/types\/post"}],"author":[{"embeddable":true,"href":"https:\/\/www.europesays.com\/lv\/wp-json\/wp\/v2\/users\/2"}],"replies":[{"embeddable":true,"href":"https:\/\/www.europesays.com\/lv\/wp-json\/wp\/v2\/comments?post=107178"}],"version-history":[{"count":0,"href":"https:\/\/www.europesays.com\/lv\/wp-json\/wp\/v2\/posts\/107178\/revisions"}],"wp:featuredmedia":[{"embeddable":true,"href":"https:\/\/www.europesays.com\/lv\/wp-json\/wp\/v2\/media\/107179"}],"wp:attachment":[{"href":"https:\/\/www.europesays.com\/lv\/wp-json\/wp\/v2\/media?parent=107178"}],"wp:term":[{"taxonomy":"category","embeddable":true,"href":"https:\/\/www.europesays.com\/lv\/wp-json\/wp\/v2\/categories?post=107178"},{"taxonomy":"post_tag","embeddable":true,"href":"https:\/\/www.europesays.com\/lv\/wp-json\/wp\/v2\/tags?post=107178"}],"curies":[{"name":"wp","href":"https:\/\/api.w.org\/{rel}","templated":true}]}}