{"id":107184,"date":"2026-01-17T15:38:08","date_gmt":"2026-01-17T15:38:08","guid":{"rendered":"https:\/\/www.europesays.com\/lv\/107184\/"},"modified":"2026-01-17T15:38:08","modified_gmt":"2026-01-17T15:38:08","slug":"cecenijas-vietvalza-ramzana-kadirova-dels-cietis-auto-avarija-un-ievietots-slimnica","status":"publish","type":"post","link":"https:\/\/www.europesays.com\/lv\/107184\/","title":{"rendered":"\u010ce\u010denijas vietval\u017ea Ramzana Kadirova d\u0113ls cietis auto av\u0101rij\u0101 un ievietots slimn\u012bc\u0101"},"content":{"rendered":"<p class=\"MsoNormal\">Laikraksts \u201c<a target=\"_blank\" rel=\"noopener noreferrer nofollow\" href=\"https:\/\/novayagazeta.eu\/articles\/2026\/01\/16\/kavkaz-realii-i-niyso-syn-glavy-chechni-adam-kadyrov-gospitalizirovan-posle-dtp-news\">Novaya Gazeta. Europa<\/a>\u201d, atsaucoties uz v\u0101rd\u0101 nemin\u0113tu avotu, zi\u0146o, ka pa\u0161laik medic\u012bnas iest\u0101de jauniem pacientiem un apmekl\u0113t\u0101jiem ir sl\u0113gta. Saska\u0146\u0101 ar \u201eKavkaz.Realiji\u201d avotiem, ce\u013ci uz slimn\u012bcu ir blo\u0137\u0113ti, bet pats Kadirovs jaun\u0101kais atrodas reanim\u0101cij\u0101. Prec\u012bz\u0101ka inform\u0101cija par vi\u0146a st\u0101vokli neesot zin\u0101ma.<\/p>\n<p class=\"MsoNormal\"><a target=\"_blank\" rel=\"noopener noreferrer nofollow\" href=\"https:\/\/t.me\/niysoo\/28031\">Niyso<\/a>, kas pirmais zi\u0146oja par av\u0101riju, apgalvo, ka \u010ce\u010denijas vad\u012bt\u0101ja d\u0113la autokolonna brauca pa Groznijas iel\u0101m liel\u0101 \u0101trum\u0101 un \u201cp\u0113k\u0161\u0146i t\u0101s ce\u013c\u0101 gad\u012bj\u0101s \u0161\u0137\u0113rslis\u201d. Viens no \u201eKavkaz.Realiji\u201d avotiem past\u0101st\u012bja, ka automa\u0161\u012bna, kur\u0101 atrad\u0101s \u010ce\u010denijas vietval\u017ea 18 gadus vecais d\u0113ls, brauca auto korte\u017eas priek\u0161gal\u0101 \u013coti liel\u0101 \u0101trum\u0101, pie st\u016bres atrodoties pa\u0161am Adamam Kadirovam.<\/p>\n<p class=\"MsoNormal\">Rezult\u0101t\u0101, k\u0101 raksta kan\u0101ls, notika satiksmes negad\u012bjums, kur\u0101 bija iesaist\u012btas vair\u0101kas automa\u0161\u012bnas, un cietu\u0161o skaits bija \u013coti liels. P\u0113c <a target=\"_blank\" rel=\"noopener noreferrer nofollow\" href=\"https:\/\/t.me\/niysoo\/28031\">Niyso<\/a> datiem, smagi ievainoto vid\u016b ir ar\u012b 18 gadus vec\u0101 Adama Kadirova apsargi: Bislans Kaimovs, k\u0101 ar\u012b \u0160amils un Apti Ira\u0161anovi.<\/p>\n","protected":false},"excerpt":{"rendered":"Laikraksts \u201cNovaya Gazeta. Europa\u201d, atsaucoties uz v\u0101rd\u0101 nemin\u0113tu avotu, zi\u0146o, ka pa\u0161laik medic\u012bnas iest\u0101de jauniem pacientiem un apmekl\u0113t\u0101jiem&hellip;\n","protected":false},"author":2,"featured_media":107185,"comment_status":"","ping_status":"","sticky":false,"template":"","format":"standard","meta":{"footnotes":""},"categories":[14],"tags":[25530,23,57,1465,28,29,14031,32,33,22,234,74,30,31,35,39,38,36,37,34,40,20,26,27,14028,24,25,54,55,56,21,58],"class_list":{"0":"post-107184","1":"post","2":"type-post","3":"status-publish","4":"format-standard","5":"has-post-thumbnail","7":"category-zinas-no-arvalstim","8":"tag-adams-kadirovs","9":"tag-aktualitates","10":"tag-arvalstim","11":"tag-autoavarijas","12":"tag-breaking-news","13":"tag-breakingnews","14":"tag-cecenija","15":"tag-featured-news","16":"tag-featurednews","17":"tag-headlines","18":"tag-krievija","19":"tag-krievijas-iebrukums-ukraina","20":"tag-latest-news","21":"tag-latestnews","22":"tag-latvia","23":"tag-latvian","24":"tag-latviesu","25":"tag-latviesu-valoda","26":"tag-latviesuvaloda","27":"tag-latvija","28":"tag-lv","29":"tag-news","30":"tag-popularakas-zinas","31":"tag-popularakaszinas","32":"tag-ramzans-kadirovs","33":"tag-top-stories","34":"tag-topstories","35":"tag-world","36":"tag-world-news","37":"tag-worldnews","38":"tag-zinas","39":"tag-zinas-no-arvalstim"},"share_on_mastodon":{"url":"","error":"Validation failed: Text character limit of 500 exceeded"},"_links":{"self":[{"href":"https:\/\/www.europesays.com\/lv\/wp-json\/wp\/v2\/posts\/107184","targetHints":{"allow":["GET"]}}],"collection":[{"href":"https:\/\/www.europesays.com\/lv\/wp-json\/wp\/v2\/posts"}],"about":[{"href":"https:\/\/www.europesays.com\/lv\/wp-json\/wp\/v2\/types\/post"}],"author":[{"embeddable":true,"href":"https:\/\/www.europesays.com\/lv\/wp-json\/wp\/v2\/users\/2"}],"replies":[{"embeddable":true,"href":"https:\/\/www.europesays.com\/lv\/wp-json\/wp\/v2\/comments?post=107184"}],"version-history":[{"count":0,"href":"https:\/\/www.europesays.com\/lv\/wp-json\/wp\/v2\/posts\/107184\/revisions"}],"wp:featuredmedia":[{"embeddable":true,"href":"https:\/\/www.europesays.com\/lv\/wp-json\/wp\/v2\/media\/107185"}],"wp:attachment":[{"href":"https:\/\/www.europesays.com\/lv\/wp-json\/wp\/v2\/media?parent=107184"}],"wp:term":[{"taxonomy":"category","embeddable":true,"href":"https:\/\/www.europesays.com\/lv\/wp-json\/wp\/v2\/categories?post=107184"},{"taxonomy":"post_tag","embeddable":true,"href":"https:\/\/www.europesays.com\/lv\/wp-json\/wp\/v2\/tags?post=107184"}],"curies":[{"name":"wp","href":"https:\/\/api.w.org\/{rel}","templated":true}]}}