{"id":107186,"date":"2026-01-17T15:39:04","date_gmt":"2026-01-17T15:39:04","guid":{"rendered":"https:\/\/www.europesays.com\/lv\/107186\/"},"modified":"2026-01-17T15:39:04","modified_gmt":"2026-01-17T15:39:04","slug":"laudis-interneta-pukojas-par-parceltas-darba-dienas-lietderibu","status":"publish","type":"post","link":"https:\/\/www.europesays.com\/lv\/107186\/","title":{"rendered":"\u013baudis internet\u0101 pukojas par p\u0101rcelt\u0101s darba dienas lietder\u012bbu"},"content":{"rendered":"<p>L\u012bdz\u012bg\u0101s dom\u0101s ir uz\u0146\u0113m\u0113js Armands Broks.<\/p>\n<blockquote class=\"twitter-tweet\">\n<p lang=\"lv\" dir=\"ltr\">Visas ministrijas un valsts iest\u0101des \u0161odien pilnas ar \u010dakliem darbiniekiem? Vai ar\u012b \u0161odien visi \u201cstr\u0101d\u0101\u201d att\u0101lin\u0101ti? Sen jau bija j\u0101atce\u013c \u0161\u012b arhaisk\u0101 pieeja.<a href=\"https:\/\/t.co\/BpGNkE87uz\" rel=\"nofollow\">https:\/\/t.co\/BpGNkE87uz<\/a><\/p>\n<p>\u2014 Armands Broks (@Broks) <a href=\"https:\/\/twitter.com\/Broks\/status\/2012452564587987416?ref_src=twsrc%5Etfw\" rel=\"nofollow noopener\" target=\"_blank\">January 17, 2026<\/a><\/p><\/blockquote>\n<p>Savas domas izteikusi Inese Suharuka.<\/p>\n<blockquote class=\"twitter-tweet\" data-conversation=\"none\">\n<p lang=\"lv\" dir=\"ltr\">Ja darba apliecin\u0101jums ir fiziska atra\u0161an\u0101s konkr\u0113t\u0101 telp\u0101, nevis izpild\u012btais <a href=\"https:\/\/www.apollo.lv\/term\/564609\/darbs\" class=\"topicLink\" target=\"_blank\" rel=\"nofollow noopener\">darbs<\/a>, tad kur\u0161 \u0161eit ir arhaisks?<\/p>\n<p>\u2014 Inese Suharuka (@SuharukaInese) <a href=\"https:\/\/twitter.com\/SuharukaInese\/status\/2012472273840508991?ref_src=twsrc%5Etfw\" rel=\"nofollow noopener\" target=\"_blank\">January 17, 2026<\/a><\/p><\/blockquote>\n<p>Jau v\u0113st\u012bts, ka \u0161odien valsts un pa\u0161vald\u012bbu instit\u016bcij\u0101s ir p\u0101rcelt\u0101 darba diena, paredz Ministru kabineta r\u012bkojums &#8220;Par darba dienu p\u0101rcel\u0161anu 2026. gad\u0101&#8221;.<\/p>\n<p>Darba diena p\u0101rcelta no 2. janv\u0101ra, kas bija br\u012bvdiena.<\/p>\n<p>Ministru kabineta r\u012bkojums attiecas uz no valsts bud\u017eeta finans\u0113jam\u0101m valsts p\u0101rvaldes iest\u0101d\u0113m, kur\u0101m ir noteikta piecu darba dienu ned\u0113\u013ca no pirmdienas l\u012bdz piektdienai. Vis\u0101m pa\u0161vald\u012bb\u0101m, komersantiem un organiz\u0101cij\u0101m, nosakot darba un atp\u016btas laiku, ar r\u012bkojumu ieteikts iev\u0113rot attiec\u012bgo darba dienas p\u0101rcel\u0161anu.<\/p>\n<p>Darba dienu p\u0101rcel\u0161ana tiek \u012bstenota jau ilgsto\u0161u laika periodu un, gadiem ejot, k\u013cuvusi par trad\u012bciju, kuru sabiedr\u012bba kopum\u0101 atbalsta un v\u0113rt\u0113 pozit\u012bvi.<\/p>\n<p>Darba dienu p\u0101rcel\u0161anas tiesisk\u0101 regul\u0113juma m\u0113r\u0137is ir elast\u012bg\u0101k un efekt\u012bv\u0101k organiz\u0113t darba norisi un atp\u016btas laiku. T\u0101d\u0101 veid\u0101 tiek nodro\u0161in\u0101ta ned\u0113\u013cas darba laika nep\u0101rtraukt\u012bba taj\u0101 ned\u0113\u013c\u0101, uz kuru darba dienas tiek p\u0101rceltas, savuk\u0101rt cit\u0101 ned\u0113\u013c\u0101 nodarbin\u0101tajiem tiek nodro\u0161in\u0101ts liel\u0101ks atp\u016btas dienu skaits, kuras tie var izmantot p\u0113c sava ieskata.<\/p>\n<p><script async src=\"https:\/\/platform.twitter.com\/widgets.js\" charset=\"utf-8\"><\/script><\/p>\n","protected":false},"excerpt":{"rendered":"L\u012bdz\u012bg\u0101s dom\u0101s ir uz\u0146\u0113m\u0113js Armands Broks. Visas ministrijas un valsts iest\u0101des \u0161odien pilnas ar \u010dakliem darbiniekiem? Vai ar\u012b&hellip;\n","protected":false},"author":2,"featured_media":107187,"comment_status":"","ping_status":"","sticky":false,"template":"","format":"standard","meta":{"footnotes":""},"categories":[12],"tags":[23,28,29,51,25564,4196,32,33,22,30,31,35,39,38,36,37,34,40,20,26,27,24,25,21],"class_list":{"0":"post-107186","1":"post","2":"type-post","3":"status-publish","4":"format-standard","5":"has-post-thumbnail","7":"category-latvija","8":"tag-aktualitates","9":"tag-breaking-news","10":"tag-breakingnews","11":"tag-darbs","12":"tag-darbs-no-majam","13":"tag-darbs-un-karjera","14":"tag-featured-news","15":"tag-featurednews","16":"tag-headlines","17":"tag-latest-news","18":"tag-latestnews","19":"tag-latvia","20":"tag-latvian","21":"tag-latviesu","22":"tag-latviesu-valoda","23":"tag-latviesuvaloda","24":"tag-latvija","25":"tag-lv","26":"tag-news","27":"tag-popularakas-zinas","28":"tag-popularakaszinas","29":"tag-top-stories","30":"tag-topstories","31":"tag-zinas"},"share_on_mastodon":{"url":"https:\/\/pubeurope.com\/@lv\/115911194219747411","error":""},"_links":{"self":[{"href":"https:\/\/www.europesays.com\/lv\/wp-json\/wp\/v2\/posts\/107186","targetHints":{"allow":["GET"]}}],"collection":[{"href":"https:\/\/www.europesays.com\/lv\/wp-json\/wp\/v2\/posts"}],"about":[{"href":"https:\/\/www.europesays.com\/lv\/wp-json\/wp\/v2\/types\/post"}],"author":[{"embeddable":true,"href":"https:\/\/www.europesays.com\/lv\/wp-json\/wp\/v2\/users\/2"}],"replies":[{"embeddable":true,"href":"https:\/\/www.europesays.com\/lv\/wp-json\/wp\/v2\/comments?post=107186"}],"version-history":[{"count":0,"href":"https:\/\/www.europesays.com\/lv\/wp-json\/wp\/v2\/posts\/107186\/revisions"}],"wp:featuredmedia":[{"embeddable":true,"href":"https:\/\/www.europesays.com\/lv\/wp-json\/wp\/v2\/media\/107187"}],"wp:attachment":[{"href":"https:\/\/www.europesays.com\/lv\/wp-json\/wp\/v2\/media?parent=107186"}],"wp:term":[{"taxonomy":"category","embeddable":true,"href":"https:\/\/www.europesays.com\/lv\/wp-json\/wp\/v2\/categories?post=107186"},{"taxonomy":"post_tag","embeddable":true,"href":"https:\/\/www.europesays.com\/lv\/wp-json\/wp\/v2\/tags?post=107186"}],"curies":[{"name":"wp","href":"https:\/\/api.w.org\/{rel}","templated":true}]}}