{"id":10719,"date":"2025-10-02T15:47:08","date_gmt":"2025-10-02T15:47:08","guid":{"rendered":"https:\/\/www.europesays.com\/lv\/10719\/"},"modified":"2025-10-02T15:47:08","modified_gmt":"2025-10-02T15:47:08","slug":"fifa-piezeme-trampu","status":"publish","type":"post","link":"https:\/\/www.europesays.com\/lv\/10719\/","title":{"rendered":"FIFA piezem\u0113 Trampu"},"content":{"rendered":"<p>Organiz\u0101cija rea\u0123\u0113ja uz ASV prezidenta Donalda Trampa izteikumiem.<\/p>\n<p>Proti, Tramps pav\u0113st\u012bja, ka b\u016btu gatavs p\u0101rcelt Pasaules kausa sp\u0113les, kas paredz\u0113tas Sietl\u0101 un Sanfrancisko, uz cit\u0101m pils\u0113t\u0101m, ja \u0161o pils\u0113tu vad\u012bba neatbalst\u012b\u0161ot vi\u0146a imigr\u0101cijas politiku.<\/p>\n<p>\u201cR\u016bp\u0113jamies par dro\u0161\u012bbu. \u0160obr\u012bd \u0161\u012bs pils\u0113tas p\u0101rvalda traki radik\u0101li kreisie, kas nezina, ko dara. K\u0101 zin\u0101t, m\u0113s jau ievedam Nacion\u0101lo gvardi Memfis\u0101 un v\u0113l da\u017e\u0101s cit\u0101s pils\u0113t\u0101s. Dr\u012bz b\u016bsim ar\u012b \u010cik\u0101g\u0101, lai nodro\u0161in\u0101tu dro\u0161\u012bbu Pasaules kaus\u0101. Ja man \u0161\u0137it\u012bs, ka pils\u0113t\u0101 nav dro\u0161i, sp\u0113les noteikti p\u0101rcel\u0161u citur,\u201d sac\u012bja Tramps.<\/p>\n<p>Tom\u0113r Trampa v\u0101rdiem nav juridiska pamata, jo tikai <a href=\"https:\/\/sports.tvnet.lv\/term\/10067\/fifa\" class=\"topicLink\" target=\"_blank\" rel=\"nofollow noopener\">FIFA<\/a> ir ties\u012bbas izv\u0113l\u0113ties Pasaules kausa sp\u0113\u013cu norises vietas. T\u0101 k\u0101 \u0161\u012bs ties\u012bbas nepieder nevienai vald\u012bbai, Trampa pazi\u0146ojums tika nopelts.<\/p>\n<p>\u201c\u0160is ir FIFA turn\u012brs un m\u016bsu atbild\u012bba \u2013 tikai m\u0113s pie\u0146emam l\u0113mumus,\u201d laikrakstam &#8220;The Guardian&#8221; uzsv\u0113ra FIFA viceprezidents Montagliani.<br \/>\u201cVisu cie\u0146u pa\u0161reiz\u0113jiem pasaules l\u012bderiem, ta\u010du futbols ir liel\u0101ks par vi\u0146iem, tas p\u0101rdz\u012bvos vi\u0146u re\u017e\u012bmus, vald\u012bbas un sauk\u013cus.\u201d<\/p>\n<p>2026. gada Pasaules kauss notiks ASV, Kan\u0101d\u0101 un Meksik\u0101. Turn\u012brs s\u0101ksies 11. j\u016blij\u0101, bet fin\u0101ls paredz\u0113ts 19. august\u0101 \u0145\u016bd\u017eersij\u0101.<\/p>\n","protected":false},"excerpt":{"rendered":"Organiz\u0101cija rea\u0123\u0113ja uz ASV prezidenta Donalda Trampa izteikumiem. Proti, Tramps pav\u0113st\u012bja, ka b\u016btu gatavs p\u0101rcelt Pasaules kausa sp\u0113les,&hellip;\n","protected":false},"author":2,"featured_media":10720,"comment_status":"","ping_status":"","sticky":false,"template":"","format":"standard","meta":{"footnotes":""},"categories":[17],"tags":[2684,35,39,38,36,37,34,40,3983,67],"class_list":{"0":"post-10719","1":"post","2":"type-post","3":"status-publish","4":"format-standard","5":"has-post-thumbnail","7":"category-sports","8":"tag-fifa","9":"tag-latvia","10":"tag-latvian","11":"tag-latviesu","12":"tag-latviesu-valoda","13":"tag-latviesuvaloda","14":"tag-latvija","15":"tag-lv","16":"tag-pasaules-kauss-futbola","17":"tag-sports"},"share_on_mastodon":{"url":"","error":""},"_links":{"self":[{"href":"https:\/\/www.europesays.com\/lv\/wp-json\/wp\/v2\/posts\/10719","targetHints":{"allow":["GET"]}}],"collection":[{"href":"https:\/\/www.europesays.com\/lv\/wp-json\/wp\/v2\/posts"}],"about":[{"href":"https:\/\/www.europesays.com\/lv\/wp-json\/wp\/v2\/types\/post"}],"author":[{"embeddable":true,"href":"https:\/\/www.europesays.com\/lv\/wp-json\/wp\/v2\/users\/2"}],"replies":[{"embeddable":true,"href":"https:\/\/www.europesays.com\/lv\/wp-json\/wp\/v2\/comments?post=10719"}],"version-history":[{"count":0,"href":"https:\/\/www.europesays.com\/lv\/wp-json\/wp\/v2\/posts\/10719\/revisions"}],"wp:featuredmedia":[{"embeddable":true,"href":"https:\/\/www.europesays.com\/lv\/wp-json\/wp\/v2\/media\/10720"}],"wp:attachment":[{"href":"https:\/\/www.europesays.com\/lv\/wp-json\/wp\/v2\/media?parent=10719"}],"wp:term":[{"taxonomy":"category","embeddable":true,"href":"https:\/\/www.europesays.com\/lv\/wp-json\/wp\/v2\/categories?post=10719"},{"taxonomy":"post_tag","embeddable":true,"href":"https:\/\/www.europesays.com\/lv\/wp-json\/wp\/v2\/tags?post=10719"}],"curies":[{"name":"wp","href":"https:\/\/api.w.org\/{rel}","templated":true}]}}