{"id":107196,"date":"2026-01-17T15:59:11","date_gmt":"2026-01-17T15:59:11","guid":{"rendered":"https:\/\/www.europesays.com\/lv\/107196\/"},"modified":"2026-01-17T15:59:11","modified_gmt":"2026-01-17T15:59:11","slug":"vai-eiropas-militarie-izdevumi-var-atjaunot-tas-ekonomisko-izaugsmi","status":"publish","type":"post","link":"https:\/\/www.europesays.com\/lv\/107196\/","title":{"rendered":"Vai Eiropas milit\u0101rie izdevumi var atjaunot t\u0101s ekonomisko izaugsmi?"},"content":{"rendered":"<p>Milit\u0101rie izdevumi Eirop\u0101 k\u013c\u016bst ne tikai par strat\u0113\u0123isku nepiecie\u0161am\u012bbu, bet ar\u012b par makroekonomisku sviru, raksta &#8220;Euronews&#8221;.<\/p>\n<p>Lai gan aizsardz\u012bbas invest\u012bcijas vien nevar piln\u012bb\u0101 main\u012bt Eiropas ilgtermi\u0146a izaugsmes trajektoriju, t\u0101s var\u0113tu sp\u0113l\u0113t noz\u012bm\u012bgu atbalsta lomu. <\/p>\n<p>Eiropas valstis ar V\u0101ciju priek\u0161gal\u0101 \u0161obr\u012bd palielina aizsardz\u012bbas izdevumus, un ekonomisti prognoz\u0113, kas tas var\u0113tu veicin\u0101t nelielu eirozonas izaugsmes pieaugumu.<\/p>\n<p>T\u0101d\u0101m valst\u012bm k\u0101 V\u0101cija, kur fisk\u0101l\u0101 telpa tiek novirz\u012bta bru\u0146o\u0161anas izdevumiem, stimul\u0113jo\u0161ais efekts var b\u016bt noz\u012bm\u012bgs, jo \u012bpa\u0161i ra\u017eo\u0161anas nozaru domin\u0113taj\u0101 ekonomik\u0101, kas c\u012bn\u0101s ar konkur\u0113tsp\u0113jas probl\u0113m\u0101m.<\/p>\n<p>V\u0101cija l\u012bdz 2029. gadam pl\u0101no palielin\u0101t aizsardz\u012bbas izdevumus l\u012bdz gandr\u012bz 3,5 % no IKP, sal\u012bdzinot ar 2,1 % 2024. gad\u0101, kas ir viena no noz\u012bm\u012bg\u0101kaj\u0101m milit\u0101raj\u0101m invest\u012bciju programm\u0101m p\u0113ckara Eirop\u0101. L\u012bdz 2029. gadam vald\u012bba pl\u0101no t\u0113r\u0113t vair\u0101k nek\u0101 100 miljardus eiro gad\u0101 aizsardz\u012bbas apr\u012bkojumam un uztur\u0113\u0161anai.<\/p>\n<p>Saska\u0146\u0101 ar &#8220;Goldman Sachs&#8221; ekonomista Niklasa Garnada teikto, ietekme uz valsts ekonomikas izaugsmi \u0161aj\u0101 gad\u012bjum\u0101 var\u0113tu b\u016bt noz\u012bm\u012bga. &#8220;M\u0113s prognoz\u0113jam, ka aizsardz\u012bbas izdevumi palielin\u0101s V\u0101cijas IKP 2029. gad\u0101 par aptuveni 0,8 %,&#8221; vi\u0146\u0161 teica.<\/p>\n<p>Aizsardz\u012bbas izdevumi atbalsta IKP vair\u0101kos veidos. Ra\u017eo\u0161anas jom\u0101 pievienot\u0101 v\u0113rt\u012bba palielin\u0101s aizsardz\u012bbas r\u016bpniec\u012bb\u0101 un t\u0101s pieg\u0101des \u0137\u0113d\u0113s.<\/p>\n<p>Izdevumu jom\u0101 iero\u010du sist\u0113mu ieg\u0101de palielina valsts invest\u012bcijas.<\/p>\n<p>&#8220;M\u0113s paredzam, ka aizsardz\u012bbas izdevumi turpm\u0101k veicin\u0101s strauj\u0101ku valstu invest\u012bciju pieaugumu apr\u012bkojum\u0101,&#8221; teica Garnads.<\/p>\n<p>To, vai \u0161\u012b p\u0101rmai\u0146a izr\u0101d\u012bsies ilgtsp\u0113j\u012bga, v\u0113l nav skaidrs, bet pagaid\u0101m aizsardz\u012bbas nozare \u0161\u0137iet negaid\u012bts dzin\u0113jsp\u0113ks Eiropas nevienm\u0113r\u012bgaj\u0101 atvese\u013co\u0161an\u0101s proces\u0101, saka eksperti.<\/p>\n<p>&#8220;Goldman Sachs&#8221; ekonomisti uzskata, ka 2026. gads b\u016bs m\u0113renas atvese\u013co\u0161an\u0101s gads eirozonai.<\/p>\n<p>Banka prognoz\u0113 1,3 % IKP pieaugumu blokam, kas ir nedaudz virs Eiropas Centr\u0101l\u0101s bankas prognoz\u0113m, ko veicina fisk\u0101lais atbalsts, stabilie pat\u0113ri\u0146a izdevumi un tirdzniec\u012bbas nesaska\u0146u mazin\u0101\u0161an\u0101s.<\/p>\n<p>Paredzams, ka V\u0101cijas fisk\u0101lais stimuls, kas galvenok\u0101rt saist\u012bts ar aizsardz\u012bbu, kompens\u0113s samazin\u0101\u0161an\u0101s tendences citviet, pal\u012bdzot stabiliz\u0113t eirozonas kop\u0113jo st\u0101vokli.<\/p>\n<p>Ener\u0123ijas cenu kritums un algu pieaugums, kas p\u0101rsniedz infl\u0101ciju, var\u0113tu veicin\u0101t m\u0101jsaimniec\u012bbu piepras\u012bjumu. <\/p>\n<p class=\"m-0\">Seko &#8220;Delfi&#8221; ar\u012b  <a target=\"_blank\" href=\"https:\/\/www.instagram.com\/delfi.lv\/\" rel=\"nofollow noopener\">Instagram<\/a>  un <a target=\"_blank\" href=\"https:\/\/www.youtube.com\/channel\/UCw5foWtcJvAbUm64rv7jwUQ\" rel=\"nofollow noopener\">YouTube<\/a>  profil\u0101 \u2013 pievienojies, lai uzzin\u0101tu svar\u012bg\u0101ko un interesant\u0101ko pirmais!<\/p>\n<p>Publik\u0101cijas saturs vai t\u0101s jebk\u0101da apjoma da\u013ca ir aizsarg\u0101ts autorties\u012bbu objekts Autorties\u012bbu likuma izpratn\u0113, un t\u0101 izmanto\u0161ana bez izdev\u0113ja at\u013caujas ir aizliegta. Vair\u0101k lasi  <a target=\"_blank\" href=\"https:\/\/www.delfi.lv\/noteikumi#autortiesibas\" rel=\"nofollow noopener\">\u0161eit<\/a><script async src=\"\/\/www.instagram.com\/embed.js\"><\/script><\/p>\n","protected":false},"excerpt":{"rendered":"Milit\u0101rie izdevumi Eirop\u0101 k\u013c\u016bst ne tikai par strat\u0113\u0123isku nepiecie\u0161am\u012bbu, bet ar\u012b par makroekonomisku sviru, raksta &#8220;Euronews&#8221;. Lai gan&hellip;\n","protected":false},"author":2,"featured_media":107197,"comment_status":"","ping_status":"","sticky":false,"template":"","format":"standard","meta":{"footnotes":""},"categories":[14],"tags":[23,57,28,29,7221,32,33,22,30,31,35,39,38,36,37,34,40,20,26,27,24,25,54,55,56,21,58],"class_list":{"0":"post-107196","1":"post","2":"type-post","3":"status-publish","4":"format-standard","5":"has-post-thumbnail","7":"category-zinas-no-arvalstim","8":"tag-aktualitates","9":"tag-arvalstim","10":"tag-breaking-news","11":"tag-breakingnews","12":"tag-eiropas-zinas","13":"tag-featured-news","14":"tag-featurednews","15":"tag-headlines","16":"tag-latest-news","17":"tag-latestnews","18":"tag-latvia","19":"tag-latvian","20":"tag-latviesu","21":"tag-latviesu-valoda","22":"tag-latviesuvaloda","23":"tag-latvija","24":"tag-lv","25":"tag-news","26":"tag-popularakas-zinas","27":"tag-popularakaszinas","28":"tag-top-stories","29":"tag-topstories","30":"tag-world","31":"tag-world-news","32":"tag-worldnews","33":"tag-zinas","34":"tag-zinas-no-arvalstim"},"share_on_mastodon":{"url":"https:\/\/pubeurope.com\/@lv\/115911272885265004","error":""},"_links":{"self":[{"href":"https:\/\/www.europesays.com\/lv\/wp-json\/wp\/v2\/posts\/107196","targetHints":{"allow":["GET"]}}],"collection":[{"href":"https:\/\/www.europesays.com\/lv\/wp-json\/wp\/v2\/posts"}],"about":[{"href":"https:\/\/www.europesays.com\/lv\/wp-json\/wp\/v2\/types\/post"}],"author":[{"embeddable":true,"href":"https:\/\/www.europesays.com\/lv\/wp-json\/wp\/v2\/users\/2"}],"replies":[{"embeddable":true,"href":"https:\/\/www.europesays.com\/lv\/wp-json\/wp\/v2\/comments?post=107196"}],"version-history":[{"count":0,"href":"https:\/\/www.europesays.com\/lv\/wp-json\/wp\/v2\/posts\/107196\/revisions"}],"wp:featuredmedia":[{"embeddable":true,"href":"https:\/\/www.europesays.com\/lv\/wp-json\/wp\/v2\/media\/107197"}],"wp:attachment":[{"href":"https:\/\/www.europesays.com\/lv\/wp-json\/wp\/v2\/media?parent=107196"}],"wp:term":[{"taxonomy":"category","embeddable":true,"href":"https:\/\/www.europesays.com\/lv\/wp-json\/wp\/v2\/categories?post=107196"},{"taxonomy":"post_tag","embeddable":true,"href":"https:\/\/www.europesays.com\/lv\/wp-json\/wp\/v2\/tags?post=107196"}],"curies":[{"name":"wp","href":"https:\/\/api.w.org\/{rel}","templated":true}]}}