{"id":107248,"date":"2026-01-17T17:37:14","date_gmt":"2026-01-17T17:37:14","guid":{"rendered":"https:\/\/www.europesays.com\/lv\/107248\/"},"modified":"2026-01-17T17:37:14","modified_gmt":"2026-01-17T17:37:14","slug":"rupoldingas-sprinta-birkentals-sasniedz-karjeras-rekordu-pirmo-reizi-ieklustot-top-20-ziemas-sports-sportacentrs-com","status":"publish","type":"post","link":"https:\/\/www.europesays.com\/lv\/107248\/","title":{"rendered":"R\u016bpoldingas sprint\u0101 Birkent\u0101ls sasniedz karjeras rekordu, pirmo reizi iek\u013c\u016bstot top 20 \u2013 Ziemas sports \u2013 Sportacentrs.com"},"content":{"rendered":"<p>Andrejs Rastorgujevs sprinta sacens\u012bb\u0101s tras\u0113 dev\u0101s ar otro starta numuru. Al\u016bksnes biatlona p\u0101rst\u0101vim izdev\u0101s sa\u0161aut visus piecus m\u0113r\u0137us gu\u013cus poz\u012bcij\u0101, bet st\u0101vus \u0161au\u0161an\u0101 vien\u012bg\u0101 k\u013c\u016bda n\u0101ca otraj\u0101 \u0161\u0101vien\u0101. Izsl\u0113pojot vienu apli, pieredz\u0113ju\u0161\u0101kais Latvijas biatlona p\u0101rst\u0101vis ierindoj\u0101s 32. viet\u0101, atpaliekot min\u016bti un 34,8 sekundes no uzvar\u0113t\u0101ja.<\/p>\n<p>P\u0113d\u0113j\u0101s sacens\u012bb\u0101s labu \u0101trumu demonstr\u0113ju\u0161ais Ren\u0101rs Birknet\u0101ls \u0161au\u0161anas gu\u013cus poz\u012bcij\u0101 jau pirmaj\u0101 raid\u012bjum\u0101 pie\u013c\u0101va k\u013c\u016bdu. Talseniekam n\u0101kamajos \u010detros \u0161\u0101vienos izdev\u0101s papildus k\u013c\u016bdas nepie\u013caut. Otraj\u0101 ugunsl\u012bnij\u0101 Birkent\u0101ls \u0161\u0101vieniem pieg\u0101ja r\u016bp\u012bgi, sp\u0113jot aiztais\u012bt visus piecus m\u0113r\u0137us. T\u0101d\u0113j\u0101di kopum\u0101 ar vienu soda apli Talsu biatlona p\u0101rst\u0101vis var\u0113ja mesties pret\u012b fini\u0161am. Pirmaj\u0101 apl\u012b lielu \u0101trumu demonstr\u0113ju\u0161ais Birkent\u0101ls nebija tik strauj\u0161 ce\u013c\u0101 uz fini\u0161u, bet kopum\u0101 18. ieg\u016bt\u0101 vieta bija jauns sportista karjeras lab\u0101kais pan\u0101kums pasaules kausa l\u012bmen\u012b.<\/p>\n<p>Birkent\u0101la iepriek\u0161\u0113jais karjeras lab\u0101kais sasniegums bija 27. vieta Obrehofas sprint\u0101 2024. gad\u0101.<\/p>\n<p>No Latvijas p\u0101rst\u0101vjiem neveiksm\u012bg\u0101k\u0101 sac\u012bkste bija Edgaram Misem, kur\u0161 pie\u013c\u0101va pa k\u013c\u016bdai ab\u0101s \u0161au\u0161an\u0101s, kopum\u0101 paliekot 92. viet\u0101 tr\u012bs min\u016btes un 17,9 sekundes aiz uzvar\u0113t\u0101ja.<\/p>\n<blockquote class=\"twitter-tweet\">\n<p lang=\"en\" dir=\"ltr\">Perfect 10\/10 for Sebastian Samuelsson! \ud83d\udd25<\/p>\n<p>Can he finally reach the sprint podium after 3 top-6 finishes and 1 top-10 this season?<\/p>\n<p>Watch the Men Sprint live on <a href=\"https:\/\/t.co\/p8ATzITmbR\" rel=\"nofollow\">https:\/\/t.co\/p8ATzITmbR<\/a> <a href=\"https:\/\/t.co\/tDfY2y5N3q\" rel=\"nofollow\">pic.twitter.com\/tDfY2y5N3q<\/a><\/p>\n<p>\u2014 International Biathlon Union (@biathlonworld) <a href=\"https:\/\/twitter.com\/biathlonworld\/status\/2012528712067993927?ref_src=twsrc%5Etfw\" rel=\"nofollow noopener\" target=\"_blank\">January 17, 2026<\/a><\/p><\/blockquote>\n<p>Par uzvar\u0113t\u0101ju ar prec\u012bzu \u0161au\u0161anu k\u013cuva Zviedrijas sportists Sebastians S\u0101muelsons, kur\u0161 par nepiln\u0101m 18 sekund\u0113m apsteidza \u0161\u012bs sezonas dzelten\u0101 krekli\u0146a \u012bpa\u0161nieku Tommazo D\u017eakomelu. Uz goda pjedest\u0101la tre\u0161\u0101 pak\u0101piena k\u0101pa norv\u0113\u0123is  \u012asaks Frejs.<\/p>\n<p>Zviedram \u0161\u012b bija pirm\u0101 uzvara kop\u0161 pag\u0101ju\u0161\u0101s sezonas Holmenkollenas posma.<\/p>\n<p>J\u0101atz\u012bm\u0113, ka \u0161\u012b sacens\u012bba \u013coti veiksm\u012bga bija Lietuvas p\u0101rst\u0101vim Vitautam Stro\u013cam, kur\u0161 ar div\u0101m k\u013c\u016bd\u0101m ierindoj\u0101s 23. viet\u0101.<\/p>\n<p>PK piektais posms, sprints v\u012brie\u0161iem, R\u016boplding\u0101<\/p>\n<tr>VSportistsValstsK\u013c.Laiks<\/tr>\n<tr class=\"even\">\n<td>1.<\/td>\n<td>Sebastians S\u0101muelsons<\/td>\n<td>Zviedrija<\/td>\n<td>0+0 [0]<\/td>\n<td class=\"ralign\">21:53.8<\/td>\n<\/tr>\n<tr class=\"odd\">\n<td>2.<\/td>\n<td>Tommazo D\u017eakomels<\/td>\n<td>It\u0101lija<\/td>\n<td>1+0 [1]<\/td>\n<td class=\"ralign\">+17.6<\/td>\n<\/tr>\n<tr class=\"even\">\n<td>3.<\/td>\n<td>\u012asaks Frejs<\/td>\n<td>Norv\u0113\u0123ija<\/td>\n<td>0+0 [0]<\/td>\n<td class=\"ralign\">+34.1<\/td>\n<\/tr>\n<tr class=\"odd\">\n<td>4.<\/td>\n<td>Kant\u0113ns Fijons-Maj\u0113<\/td>\n<td>Francija<\/td>\n<td>0+0 [0]<\/td>\n<td class=\"ralign\">+41.2<\/td>\n<\/tr>\n<tr class=\"even\">\n<td>5.<\/td>\n<td>Eriks Perro<\/td>\n<td>Francija<\/td>\n<td>1+0 [1]<\/td>\n<td class=\"ralign\">+42.2<\/td>\n<\/tr>\n<tr class=\"odd\">\n<td>6.<\/td>\n<td>Martins Ponsiluoma<\/td>\n<td>Zviedrija<\/td>\n<td>0+1 [1]<\/td>\n<td class=\"ralign\">+45.8<\/td>\n<\/tr>\n<tr class=\"even\">\n<td>7.<\/td>\n<td>Sturla L\u0113graids<\/td>\n<td>Norv\u0113\u0123ija<\/td>\n<td>0+0 [0]<\/td>\n<td class=\"ralign\">+46.7<\/td>\n<\/tr>\n<tr class=\"odd\">\n<td\/>\n<td>Emilj\u0113ns \u017dakl\u0113ns<\/td>\n<td>Francija<\/td>\n<td>0+1 [1]<\/td>\n<td class=\"ralign\">+46.7<\/td>\n<\/tr>\n<tr class=\"even\">\n<td>9.<\/td>\n<td>D\u0101vids Cobels<\/td>\n<td>V\u0101cija<\/td>\n<td>0+0 [0]<\/td>\n<td class=\"ralign\">+47.6<\/td>\n<\/tr>\n<tr class=\"odd\">\n<td>10.<\/td>\n<td>Juhanness D\u0101le-\u0160evdals<\/td>\n<td>Norv\u0113\u0123ija<\/td>\n<td>0+0 [0]<\/td>\n<td class=\"ralign\">+53.5<\/td>\n<\/tr>\n<tr class=\"even\">\n<td\/>\n<td\/>\n<td\/>\n<td\/>\n<td class=\"ralign\"\/><\/tr>\n<tr class=\"odd\">\n<td\/>\n<td\/>\n<td\/>\n<td\/>\n<td class=\"ralign\"\/><\/tr>\n<tr class=\"even\">\n<td>18.<\/td>\n<td>Ren\u0101rs Birkent\u0101ls<\/td>\n<td>Latvija<\/td>\n<td>1+0 [1]<\/td>\n<td class=\"ralign\">+1:15.3<\/td>\n<\/tr>\n<tr class=\"odd\">\n<td>32.<\/td>\n<td>Andrejs Rastorgujevs<\/td>\n<td>Latvija<\/td>\n<td>0+1 [1]<\/td>\n<td class=\"ralign\">+1:34.8<\/td>\n<\/tr>\n<tr class=\"even\">\n<td>92.<\/td>\n<td>Edgars Mise<\/td>\n<td>Latvija<\/td>\n<td>1+1 [2]<\/td>\n<td class=\"ralign\">+3:17.9<\/td>\n<\/tr>\n<p>Piedal\u012bj\u0101s 108 biatlonisti.<\/p>\n<p>Pasaules kausa piektais posms biatlon\u0101 R\u016bpolding\u0101<\/p>\n<tr>DatumsLaiksDiscipl\u012bna<\/tr>\n<tr class=\"even\">\n<td>14.01.<\/td>\n<td class=\"ralign\">15.30<\/td>\n<td>stafete sieviet\u0113m<\/td>\n<\/tr>\n<tr class=\"odd\">\n<td>15.01.<\/td>\n<td class=\"ralign\">15.30<\/td>\n<td>stafete v\u012brie\u0161iem<\/td>\n<\/tr>\n<tr class=\"even\">\n<td>16.01.<\/td>\n<td class=\"ralign\">15.30<\/td>\n<td>7.5 km sprints sieviet\u0113m<\/td>\n<\/tr>\n<tr class=\"odd\">\n<td>17.01.<\/td>\n<td class=\"ralign\">15.30<\/td>\n<td>10 km sprints v\u012brie\u0161iem<\/td>\n<\/tr>\n<tr class=\"even\">\n<td>18.01.<\/td>\n<td class=\"ralign\">13.30<\/td>\n<td>10 km iedz\u012b\u0161ana sieviet\u0113m<\/td>\n<\/tr>\n<tr class=\"odd\">\n<td\/>\n<td class=\"ralign\">16.00<\/td>\n<td>12.5 km iedz\u012b\u0161ana v\u012brie\u0161iem<\/td>\n<\/tr>\n<p>                    <script async src=\"https:\/\/platform.twitter.com\/widgets.js\" charset=\"utf-8\"><\/script><\/p>\n","protected":false},"excerpt":{"rendered":"Andrejs Rastorgujevs sprinta sacens\u012bb\u0101s tras\u0113 dev\u0101s ar otro starta numuru. Al\u016bksnes biatlona p\u0101rst\u0101vim izdev\u0101s sa\u0161aut visus piecus m\u0113r\u0137us&hellip;\n","protected":false},"author":2,"featured_media":107249,"comment_status":"","ping_status":"","sticky":false,"template":"","format":"standard","meta":{"footnotes":""},"categories":[5],"tags":[23,28,29,32,33,22,30,31,35,39,38,36,37,34,40,20,26,27,24,25,620,21],"class_list":{"0":"post-107248","1":"post","2":"type-post","3":"status-publish","4":"format-standard","5":"has-post-thumbnail","7":"category-aktualitates","8":"tag-aktualitates","9":"tag-breaking-news","10":"tag-breakingnews","11":"tag-featured-news","12":"tag-featurednews","13":"tag-headlines","14":"tag-latest-news","15":"tag-latestnews","16":"tag-latvia","17":"tag-latvian","18":"tag-latviesu","19":"tag-latviesu-valoda","20":"tag-latviesuvaloda","21":"tag-latvija","22":"tag-lv","23":"tag-news","24":"tag-popularakas-zinas","25":"tag-popularakaszinas","26":"tag-top-stories","27":"tag-topstories","28":"tag-ziemas-sports","29":"tag-zinas"},"share_on_mastodon":{"url":"https:\/\/pubeurope.com\/@lv\/115911658214695824","error":""},"_links":{"self":[{"href":"https:\/\/www.europesays.com\/lv\/wp-json\/wp\/v2\/posts\/107248","targetHints":{"allow":["GET"]}}],"collection":[{"href":"https:\/\/www.europesays.com\/lv\/wp-json\/wp\/v2\/posts"}],"about":[{"href":"https:\/\/www.europesays.com\/lv\/wp-json\/wp\/v2\/types\/post"}],"author":[{"embeddable":true,"href":"https:\/\/www.europesays.com\/lv\/wp-json\/wp\/v2\/users\/2"}],"replies":[{"embeddable":true,"href":"https:\/\/www.europesays.com\/lv\/wp-json\/wp\/v2\/comments?post=107248"}],"version-history":[{"count":0,"href":"https:\/\/www.europesays.com\/lv\/wp-json\/wp\/v2\/posts\/107248\/revisions"}],"wp:featuredmedia":[{"embeddable":true,"href":"https:\/\/www.europesays.com\/lv\/wp-json\/wp\/v2\/media\/107249"}],"wp:attachment":[{"href":"https:\/\/www.europesays.com\/lv\/wp-json\/wp\/v2\/media?parent=107248"}],"wp:term":[{"taxonomy":"category","embeddable":true,"href":"https:\/\/www.europesays.com\/lv\/wp-json\/wp\/v2\/categories?post=107248"},{"taxonomy":"post_tag","embeddable":true,"href":"https:\/\/www.europesays.com\/lv\/wp-json\/wp\/v2\/tags?post=107248"}],"curies":[{"name":"wp","href":"https:\/\/api.w.org\/{rel}","templated":true}]}}