{"id":107250,"date":"2026-01-17T17:41:08","date_gmt":"2026-01-17T17:41:08","guid":{"rendered":"https:\/\/www.europesays.com\/lv\/107250\/"},"modified":"2026-01-17T17:41:08","modified_gmt":"2026-01-17T17:41:08","slug":"nasa-jauna-meness-rakete-dodas-uz-starta-platformu-2","status":"publish","type":"post","link":"https:\/\/www.europesays.com\/lv\/107250\/","title":{"rendered":"NASA jaun\u0101 M\u0113ness ra\u0137ete dodas uz starta platformu"},"content":{"rendered":"<p>Lidojums var\u0113tu notikt jau febru\u0101r\u012b.<\/p>\n<p>R\u012btausm\u0101 98 metrus augsto ra\u0137eti no Kenedija Kosmosa centra mont\u0101\u017eas \u0113kas s\u0101ka l\u0113n\u0101m p\u0101rvietot uz starta platformu, un se\u0161us kilometrus ce\u013c\u0161 ilgs l\u012bdz tumsai.<\/p>\n<p>Daudzus gadus atlikto, ilgi gaid\u012bto notikumu v\u0113rot bija sapulc\u0113ju\u0161ies kosmosa centra darbinieku un vi\u0146u \u0123imenes locek\u013cu p\u016b\u013ci.<\/p>\n<p>&#8220;Space Launch System&#8221; (SLS) ra\u0137ete un virs t\u0101s novietot\u0101 apkalpes kapsula &#8220;Orion&#8221; tika novietota uz milz\u012bga transportiera, kas tika izmantots &#8220;Apollo&#8221; un atspo\u013cku\u0123u ekspluat\u0101cijas laik\u0101. Transportieris tika moderniz\u0113ts jaun\u0101s ra\u0137etes liel\u0101kam svaram.<\/p>\n<p>Pirmais un vien\u012bgais SLS starts, ar kuru tuk\u0161a &#8220;Orion&#8221; kapsula tika nos\u016bt\u012bta orb\u012bt\u0101 ap M\u0113nesi, notika jau 2022. gada novembr\u012b.<\/p>\n<p>Termisk\u0101 vairoga boj\u0101jumi un citas kapsulas probl\u0113mas s\u0101kotn\u0113j\u0101 izm\u0113\u0123in\u0101juma lidojuma laik\u0101 pras\u012bja pla\u0161as anal\u012bzes un testus, l\u012bdz ar to \u0161is pirmais apkalpes lidojums uz M\u0113nesi tika atlikts l\u012bdz \u0161im. Astronauti nelidos ap M\u0113nesi orb\u012bt\u0101 un pat nenos\u0113d\u012bsies uz t\u0101. Tas tiks veikts tre\u0161aj\u0101 programmas &#8220;Artemis&#8221; lidojum\u0101 p\u0113c da\u017eiem gadiem.<\/p>\n<p>Komandierim R\u012bdam Vaizmenam, pilotam Viktoram Gloveram un Krist\u012bnai Kokai &#8211; ilggad\u0113jiem <a href=\"https:\/\/www.apollo.lv\/term\/5052\/nasa\" class=\"topicLink\" target=\"_blank\" rel=\"nofollow noopener\">NASA<\/a> astronautiem ar pieredzi lidojumos kosmos\u0101 &#8211; desmit dienu ilgaj\u0101 misij\u0101 pievienosies kan\u0101die\u0161u astronauts D\u017eeremijs Hansens, kuram tas b\u016bs pirmais lidojums ar ra\u0137eti.<\/p>\n<blockquote class=\"quote ck-widget\" contenteditable=\"false\">\n<p>Vi\u0146i b\u016bs pirmie cilv\u0113ki, kas lidos uz M\u0113nesi kop\u0161 <a href=\"https:\/\/www.apollo.lv\/term\/570849\/meness\" class=\"topicLink\" target=\"_blank\" rel=\"nofollow noopener\">M\u0113ness<\/a> programmas nosl\u0113g\u0161anas 1972. gad\u0101.<\/p>\n<\/blockquote>\n<p>NASA gaida, lai febru\u0101ra s\u0101kum\u0101 veiktu SLS ra\u0137etes degvielas uzpildes testu uz ra\u0137e\u0161u platformas, un tikai tad apstiprin\u0101s palai\u0161anas datumu.<\/p>\n<p>Kosmosa a\u0123ent\u016brai ir tikai piecas dienas, lai palaistu ra\u0137eti febru\u0101ra pirmaj\u0101 pus\u0113, pirms starts tiks p\u0101rcelts uz martu.<\/p>\n","protected":false},"excerpt":{"rendered":"Lidojums var\u0113tu notikt jau febru\u0101r\u012b. R\u012btausm\u0101 98 metrus augsto ra\u0137eti no Kenedija Kosmosa centra mont\u0101\u017eas \u0113kas s\u0101ka l\u0113n\u0101m&hellip;\n","protected":false},"author":2,"featured_media":107251,"comment_status":"","ping_status":"","sticky":false,"template":"","format":"standard","meta":{"footnotes":""},"categories":[14],"tags":[23,57,28,29,32,33,22,12839,30,31,35,39,38,36,37,34,40,25565,12836,20,26,27,24,25,54,55,56,21,58],"class_list":{"0":"post-107250","1":"post","2":"type-post","3":"status-publish","4":"format-standard","5":"has-post-thumbnail","7":"category-zinas-no-arvalstim","8":"tag-aktualitates","9":"tag-arvalstim","10":"tag-breaking-news","11":"tag-breakingnews","12":"tag-featured-news","13":"tag-featurednews","14":"tag-headlines","15":"tag-kosmoss","16":"tag-latest-news","17":"tag-latestnews","18":"tag-latvia","19":"tag-latvian","20":"tag-latviesu","21":"tag-latviesu-valoda","22":"tag-latviesuvaloda","23":"tag-latvija","24":"tag-lv","25":"tag-meness","26":"tag-nasa","27":"tag-news","28":"tag-popularakas-zinas","29":"tag-popularakaszinas","30":"tag-top-stories","31":"tag-topstories","32":"tag-world","33":"tag-world-news","34":"tag-worldnews","35":"tag-zinas","36":"tag-zinas-no-arvalstim"},"share_on_mastodon":{"url":"https:\/\/pubeurope.com\/@lv\/115911673911053065","error":""},"_links":{"self":[{"href":"https:\/\/www.europesays.com\/lv\/wp-json\/wp\/v2\/posts\/107250","targetHints":{"allow":["GET"]}}],"collection":[{"href":"https:\/\/www.europesays.com\/lv\/wp-json\/wp\/v2\/posts"}],"about":[{"href":"https:\/\/www.europesays.com\/lv\/wp-json\/wp\/v2\/types\/post"}],"author":[{"embeddable":true,"href":"https:\/\/www.europesays.com\/lv\/wp-json\/wp\/v2\/users\/2"}],"replies":[{"embeddable":true,"href":"https:\/\/www.europesays.com\/lv\/wp-json\/wp\/v2\/comments?post=107250"}],"version-history":[{"count":0,"href":"https:\/\/www.europesays.com\/lv\/wp-json\/wp\/v2\/posts\/107250\/revisions"}],"wp:featuredmedia":[{"embeddable":true,"href":"https:\/\/www.europesays.com\/lv\/wp-json\/wp\/v2\/media\/107251"}],"wp:attachment":[{"href":"https:\/\/www.europesays.com\/lv\/wp-json\/wp\/v2\/media?parent=107250"}],"wp:term":[{"taxonomy":"category","embeddable":true,"href":"https:\/\/www.europesays.com\/lv\/wp-json\/wp\/v2\/categories?post=107250"},{"taxonomy":"post_tag","embeddable":true,"href":"https:\/\/www.europesays.com\/lv\/wp-json\/wp\/v2\/tags?post=107250"}],"curies":[{"name":"wp","href":"https:\/\/api.w.org\/{rel}","templated":true}]}}