{"id":107282,"date":"2026-01-17T18:52:17","date_gmt":"2026-01-17T18:52:17","guid":{"rendered":"https:\/\/www.europesays.com\/lv\/107282\/"},"modified":"2026-01-17T18:52:17","modified_gmt":"2026-01-17T18:52:17","slug":"kuveitas-finansu-ministrija-izsolis-konfiscetos-iphone-un-plansetdatorus-lente-lv","status":"publish","type":"post","link":"https:\/\/www.europesays.com\/lv\/107282\/","title":{"rendered":"Kuveitas Finan\u0161u ministrija izsol\u012bs konfisc\u0113tos &#8220;iPhone&#8221; un plan\u0161etdatorus\u00a0\u2014\u00a0Lente.lv"},"content":{"rendered":"<p>Valsts mantas izsole tehnolo\u0123iju entuziastiem<\/p>\n<p>Kuveitas Finan\u0161u ministrija ir izsludin\u0101jusi pla\u0161u izsoli, kur\u0101 tiks pied\u0101v\u0101ti da\u017e\u0101di konfisc\u0113ti elektroniskieOui, es varu pal\u012bdz\u0113t ar to. L\u016bk, raksts par Kuveitas ministrijas izsoli:<\/p>\n<p>Valsts mantas izsole tehnolo\u0123iju entuziastiem<\/p>\n<p>Kuveitas Finan\u0161u ministrija ir izsludin\u0101jusi pla\u0161u izsoli, kur\u0101 tiks pied\u0101v\u0101ti da\u017e\u0101di konfisc\u0113ti elektroniskie &#8220;iPhone&#8221; viedt\u0101lru\u0146i un plan\u0161etdatori, raisot iev\u0113rojamu interesi tehnolo\u0123iju aprindu vid\u016b. \u0160\u012b ir neierasta iesp\u0113ja ieg\u0101d\u0101ties popul\u0101ras Apple ier\u012bces, kuras ir iepriek\u0161 lietotas un non\u0101ku\u0161as valsts \u012bpa\u0161um\u0101 da\u017e\u0101du tiesisku iemeslu d\u0113\u013c.<\/p>\n<p>K\u0101p\u0113c notiek izsole?<\/p>\n<p>A\u0123ent\u016bras &#8220;Times of India&#8221; zi\u0146otais nor\u0101da, ka izsole ir da\u013ca no Kuveitas Finan\u0161u ministrijas centieniem efekt\u012bvi p\u0101rvald\u012bt un realiz\u0113t valsts \u012bpa\u0161um\u0101 non\u0101ku\u0161os mantu. Parasti \u0161\u0101da manta sast\u0101v no prec\u0113m, kas konfisc\u0113tas muitas noteikumu p\u0101rk\u0101pumu, nodok\u013cu par\u0101du vai citu likump\u0101rk\u0101pumu rezult\u0101t\u0101. \u0160aj\u0101 gad\u012bjum\u0101 uzman\u012bbas centr\u0101 ir tie\u0161i Apple produkti, kas bie\u017ei vien saglab\u0101 savu v\u0113rt\u012bbu ar\u012b p\u0113c k\u0101da laika lieto\u0161anas.<\/p>\n<p>Iesp\u0113jas un ierobe\u017eojumi<\/p>\n<p>Lai gan izsole pied\u0101v\u0101 vilino\u0161as iesp\u0113jas ieg\u0101d\u0101ties ier\u012bces par potenci\u0101li zem\u0101ku cenu nek\u0101 tirgus v\u0113rt\u012bba, potenci\u0101lajiem pirc\u0113jiem ir j\u0101\u0146em v\u0113r\u0101 vair\u0101ki aspekti. Bie\u017ei vien konfisc\u0113t\u0101s ier\u012bces tiek p\u0101rdotas ar atrunu &#8220;k\u0101 ir&#8221;, kas noz\u012bm\u0113, ka t\u0101s var b\u016bt bez garantijas, ar nolietojumu vai pat ar nelieliem defektiem. T\u0101p\u0113c ir \u013coti ieteicams pirms sol\u012b\u0161anas r\u016bp\u012bgi apskat\u012bt pied\u0101v\u0101t\u0101s preces, ja vien tas ir iesp\u0113jams, vai vismaz izp\u0113t\u012bt pieejamo inform\u0101ciju par katru vienumu.<\/p>\n<p>Kuveitas tehnolo\u0123iju tirgus un starptautisk\u0101 interese<\/p>\n<p>\u0160\u0101da veida izsoles Kuveit\u0101 nav glu\u017ei jauns fenomens, ta\u010du konkr\u0113t\u0101 pied\u0101v\u0101juma pla\u0161ums un z\u012bmols &#8220;Apple&#8221; ir piesaist\u012bjis ar\u012b starptautisku mediju un tehnolo\u0123iju entuziastu uzman\u012bbu. Tas liecina par glob\u0101lo piepras\u012bjumu p\u0113c Apple produktiem un cilv\u0113ku v\u0113lmi atrast izdev\u012bgus dar\u012bjumus. Kuveitas iest\u0101des, r\u012bkojot \u0161\u0101das izsoles, ne tikai atbr\u012bvo noliktavas, bet ar\u012b veicina ekonomisko apriti un nodro\u0161ina, ka valsts mantu izmanto lietder\u012bgi.<\/p>\n<p>N\u0101kamie so\u013ci un potenci\u0101lie ieguv\u0113ji<\/p>\n<p>Lai gan prec\u012bzi izsoles datumi un noteikumi var at\u0161\u0137irties, \u0161\u0101das iniciat\u012bvas bie\u017ei vien tiek izzi\u0146otas ofici\u0101lajos ministriju port\u0101los vai viet\u0113jos medijos. Interesentiem tiek ieteikts sekot l\u012bdzi aktu\u0101lajai inform\u0101cijai un sagatavoties, lai var\u0113tu piedal\u012bties izsol\u0113 un potenci\u0101li ieg\u016bt v\u0113rt\u012bgas elektronisk\u0101s ier\u012bces.<\/p>\n","protected":false},"excerpt":{"rendered":"Valsts mantas izsole tehnolo\u0123iju entuziastiem Kuveitas Finan\u0161u ministrija ir izsludin\u0101jusi pla\u0161u izsoli, kur\u0101 tiks pied\u0101v\u0101ti da\u017e\u0101di konfisc\u0113ti elektroniskieOui,&hellip;\n","protected":false},"author":2,"featured_media":107283,"comment_status":"","ping_status":"","sticky":false,"template":"","format":"standard","meta":{"footnotes":""},"categories":[16],"tags":[77,76,438,8612,1350,25319,35,39,38,36,37,34,40,25573],"class_list":{"0":"post-107282","1":"post","2":"type-post","3":"status-publish","4":"format-standard","5":"has-post-thumbnail","7":"category-bizness","8":"tag-bizness","9":"tag-business","10":"tag-finansu-ministrija","11":"tag-iphone","12":"tag-izsole","13":"tag-kuveita","14":"tag-latvia","15":"tag-latvian","16":"tag-latviesu","17":"tag-latviesu-valoda","18":"tag-latviesuvaloda","19":"tag-latvija","20":"tag-lv","21":"tag-plansetdatori"},"share_on_mastodon":{"url":"https:\/\/pubeurope.com\/@lv\/115911953139735702","error":""},"_links":{"self":[{"href":"https:\/\/www.europesays.com\/lv\/wp-json\/wp\/v2\/posts\/107282","targetHints":{"allow":["GET"]}}],"collection":[{"href":"https:\/\/www.europesays.com\/lv\/wp-json\/wp\/v2\/posts"}],"about":[{"href":"https:\/\/www.europesays.com\/lv\/wp-json\/wp\/v2\/types\/post"}],"author":[{"embeddable":true,"href":"https:\/\/www.europesays.com\/lv\/wp-json\/wp\/v2\/users\/2"}],"replies":[{"embeddable":true,"href":"https:\/\/www.europesays.com\/lv\/wp-json\/wp\/v2\/comments?post=107282"}],"version-history":[{"count":0,"href":"https:\/\/www.europesays.com\/lv\/wp-json\/wp\/v2\/posts\/107282\/revisions"}],"wp:featuredmedia":[{"embeddable":true,"href":"https:\/\/www.europesays.com\/lv\/wp-json\/wp\/v2\/media\/107283"}],"wp:attachment":[{"href":"https:\/\/www.europesays.com\/lv\/wp-json\/wp\/v2\/media?parent=107282"}],"wp:term":[{"taxonomy":"category","embeddable":true,"href":"https:\/\/www.europesays.com\/lv\/wp-json\/wp\/v2\/categories?post=107282"},{"taxonomy":"post_tag","embeddable":true,"href":"https:\/\/www.europesays.com\/lv\/wp-json\/wp\/v2\/tags?post=107282"}],"curies":[{"name":"wp","href":"https:\/\/api.w.org\/{rel}","templated":true}]}}