{"id":107287,"date":"2026-01-17T19:01:16","date_gmt":"2026-01-17T19:01:16","guid":{"rendered":"https:\/\/www.europesays.com\/lv\/107287\/"},"modified":"2026-01-17T19:01:16","modified_gmt":"2026-01-17T19:01:16","slug":"hijuma-ir-baltijas-juras-ahilleja-papedis","status":"publish","type":"post","link":"https:\/\/www.europesays.com\/lv\/107287\/","title":{"rendered":"H\u012bjum\u0101 ir Baltijas j\u016bras Ahilleja pap\u0113dis"},"content":{"rendered":"<p>K\u0101 nor\u0101da DBwV eksperts, atva\u013cin\u0101tais pulkvedis Ralfs T\u012bls, H\u012bjum\u0101 <a href=\"https:\/\/www.apollo.lv\/term\/555800\/aizsardziba\" class=\"topicLink\" target=\"_blank\" rel=\"nofollow noopener\">aizsardz\u012bba<\/a> ir iz\u0161\u0137iro\u0161a, jo sala ir k\u0101 nenogremd\u0113jams lidma\u0161\u012bnu b\u0101zes ku\u0123is, kas nepiecie\u0161am\u012bbas gad\u012bjum\u0101 var kalpot k\u0101 nopietns attur\u0113\u0161anas l\u012bdzeklis.<\/p>\n<p>&#8220;Euronews&#8221; ar\u012b sazin\u0101j\u0101s ar Igaunijas Aizsardz\u012bbas ministriju un H\u012bjum\u0101 lauku pa\u0161vald\u012bbas p\u0101rvaldi, lai sa\u0146emtu koment\u0101rus. Aizsardz\u012bbas ministrija strat\u0113\u0123isku apsv\u0113rumu d\u0113\u013c neatkl\u0101ja s\u012bk\u0101ku inform\u0101ciju par H\u012bjum\u0101 izvietotajiem milit\u0101rajiem objektiem.<\/p>\n<p>H\u012bjum\u0101 pagasta m\u0113rs Hergo Tasuja zi\u0146u kan\u0101lam apstiprin\u0101ja, ka sala ir piln\u012bb\u0101 aizsarg\u0101ta, ko apstiprina sabiedroto un Igaunijas aizsardz\u012bbas sp\u0113ku vien\u012bbas, kas tur regul\u0101ri atrodas, k\u0101 ar\u012b organiz\u0113 kop\u012bgas m\u0101c\u012bbas.<\/p>\n<p>Tiek v\u0113st\u012bts, ka pag\u0101ju\u0161\u0101 gada novembra beig\u0101s tika ielikts pamatakmens nov\u0113ro\u0161anas radaram, kas izvietots Kopu pussal\u0101 un jau tuv\u0101kaj\u0101 n\u0101kotn\u0113 sp\u0113s uzraudz\u012bt gaisa satiksmi 500 kilometru r\u0101dius\u0101.<\/p>\n<p>DBwV ir neatkar\u012bga un apolitiska organiz\u0101cija, kas p\u0101rst\u0101v V\u0101cijas bru\u0146oto sp\u0113ku intereses, t\u0101p\u0113c zi\u0146ojum\u0101 galvenok\u0101rt pausta \u0161\u012bs organiz\u0101cijas aizsardz\u012bbas politikas nost\u0101ja, nevis V\u0101cijas vald\u012bbas ofici\u0101l\u0101 doktr\u012bna.<\/p>\n","protected":false},"excerpt":{"rendered":"K\u0101 nor\u0101da DBwV eksperts, atva\u013cin\u0101tais pulkvedis Ralfs T\u012bls, H\u012bjum\u0101 aizsardz\u012bba ir iz\u0161\u0137iro\u0161a, jo sala ir k\u0101 nenogremd\u0113jams lidma\u0161\u012bnu&hellip;\n","protected":false},"author":2,"featured_media":107288,"comment_status":"","ping_status":"","sticky":false,"template":"","format":"standard","meta":{"footnotes":""},"categories":[5],"tags":[1546,23,1934,722,28,29,32,33,22,73,234,30,31,35,39,38,36,37,34,40,71,20,26,27,24,25,21],"class_list":{"0":"post-107287","1":"post","2":"type-post","3":"status-publish","4":"format-standard","5":"has-post-thumbnail","7":"category-aktualitates","8":"tag-aizsardziba","9":"tag-aktualitates","10":"tag-baltijas-jura","11":"tag-baltijas-valstis","12":"tag-breaking-news","13":"tag-breakingnews","14":"tag-featured-news","15":"tag-featurednews","16":"tag-headlines","17":"tag-igaunija","18":"tag-krievija","19":"tag-latest-news","20":"tag-latestnews","21":"tag-latvia","22":"tag-latvian","23":"tag-latviesu","24":"tag-latviesu-valoda","25":"tag-latviesuvaloda","26":"tag-latvija","27":"tag-lv","28":"tag-nato","29":"tag-news","30":"tag-popularakas-zinas","31":"tag-popularakaszinas","32":"tag-top-stories","33":"tag-topstories","34":"tag-zinas"},"share_on_mastodon":{"url":"https:\/\/pubeurope.com\/@lv\/115911988567330672","error":""},"_links":{"self":[{"href":"https:\/\/www.europesays.com\/lv\/wp-json\/wp\/v2\/posts\/107287","targetHints":{"allow":["GET"]}}],"collection":[{"href":"https:\/\/www.europesays.com\/lv\/wp-json\/wp\/v2\/posts"}],"about":[{"href":"https:\/\/www.europesays.com\/lv\/wp-json\/wp\/v2\/types\/post"}],"author":[{"embeddable":true,"href":"https:\/\/www.europesays.com\/lv\/wp-json\/wp\/v2\/users\/2"}],"replies":[{"embeddable":true,"href":"https:\/\/www.europesays.com\/lv\/wp-json\/wp\/v2\/comments?post=107287"}],"version-history":[{"count":0,"href":"https:\/\/www.europesays.com\/lv\/wp-json\/wp\/v2\/posts\/107287\/revisions"}],"wp:featuredmedia":[{"embeddable":true,"href":"https:\/\/www.europesays.com\/lv\/wp-json\/wp\/v2\/media\/107288"}],"wp:attachment":[{"href":"https:\/\/www.europesays.com\/lv\/wp-json\/wp\/v2\/media?parent=107287"}],"wp:term":[{"taxonomy":"category","embeddable":true,"href":"https:\/\/www.europesays.com\/lv\/wp-json\/wp\/v2\/categories?post=107287"},{"taxonomy":"post_tag","embeddable":true,"href":"https:\/\/www.europesays.com\/lv\/wp-json\/wp\/v2\/tags?post=107287"}],"curies":[{"name":"wp","href":"https:\/\/api.w.org\/{rel}","templated":true}]}}