{"id":107297,"date":"2026-01-17T19:17:07","date_gmt":"2026-01-17T19:17:07","guid":{"rendered":"https:\/\/www.europesays.com\/lv\/107297\/"},"modified":"2026-01-17T19:17:07","modified_gmt":"2026-01-17T19:17:07","slug":"vacijas-militarie-eksperti-nosauc-igaunijas-salu-par-baltijas-juras-ahileja-papedi","status":"publish","type":"post","link":"https:\/\/www.europesays.com\/lv\/107297\/","title":{"rendered":"V\u0101cijas milit\u0101rie eksperti nosauc Igaunijas salu par Baltijas j\u016bras Ahileja pap\u0113di"},"content":{"rendered":"<p class=\"MsoNormal\">P\u0113c DBwV eksperta, atva\u013cin\u0101t\u0101 pulkve\u017ea Ralfa T\u012bles dom\u0101m, H\u012bjum\u0101 aizsardz\u012bba ir iz\u0161\u0137iro\u0161a, jo sala ir k\u0101 negrimsto\u0161s lidma\u0161\u012bnu b\u0101zes ku\u0123is, kas nepiecie\u0161am\u012bbas gad\u012bjum\u0101 var darboties k\u0101 nopietns atturo\u0161s l\u012bdzeklis.<\/p>\n<p class=\"MsoNormal\">\u201cEuronews\u201d sazin\u0101j\u0101s ar Igaunijas Aizsardz\u012bbas ministriju un H\u012bjum\u0101 lauku pa\u0161vald\u012bbas vald\u012bbu, lai sa\u0146emtu koment\u0101ru. Aizsardz\u012bbas ministrija strat\u0113\u0123isku iemeslu d\u0113\u013c neatkl\u0101ja s\u012bk\u0101ku inform\u0101ciju par milit\u0101rajiem objektiem, kas atrodas H\u012bjum\u0101.<\/p>\n<p class=\"MsoNormal\">H\u012bjum\u0101 lauku pa\u0161vald\u012bbas m\u0113rs Hergo Tasuja zi\u0146u kan\u0101lam apstiprin\u0101ja, ka sala ir vispus\u012bgi aizsarg\u0101ta, ko apliecina sabiedroto un Igaunijas Aizsardz\u012bbas sp\u0113ku vien\u012bbas, kas regul\u0101ri uzturas sal\u0101 un ar\u012b organiz\u0113 kop\u012bgas m\u0101c\u012bbas.<\/p>\n<p class=\"MsoNormal\">Pag\u0101ju\u0161\u0101 gada novembra beig\u0101s ECDI lika st\u016brakmeni monitoringa radaram, kas atrodas Kepu pussal\u0101 un kas tuv\u0101kaj\u0101 n\u0101kotn\u0113 var\u0113s uzraudz\u012bt gaisa satiksmi 500 kilometru r\u0101dius\u0101.<\/p>\n<p class=\"MsoNormal\">DBwV ir neatkar\u012bga un apolitiska organiz\u0101cija, kas p\u0101rst\u0101v V\u0101cijas aizsardz\u012bbas sp\u0113ku locek\u013cu intereses, t\u0101p\u0113c zi\u0146ojum\u0101 galvenok\u0101rt ir pausta \u0161\u012bs organiz\u0101cijas aizsardz\u012bbas politikas nost\u0101ja, nevis V\u0101cijas vald\u012bbas ofici\u0101l\u0101 doktr\u012bna.<\/p>\n","protected":false},"excerpt":{"rendered":"P\u0113c DBwV eksperta, atva\u013cin\u0101t\u0101 pulkve\u017ea Ralfa T\u012bles dom\u0101m, H\u012bjum\u0101 aizsardz\u012bba ir iz\u0161\u0137iro\u0161a, jo sala ir k\u0101 negrimsto\u0161s lidma\u0161\u012bnu&hellip;\n","protected":false},"author":2,"featured_media":107298,"comment_status":"","ping_status":"","sticky":false,"template":"","format":"standard","meta":{"footnotes":""},"categories":[14],"tags":[23,57,1934,28,29,32,33,22,73,30,31,35,39,38,36,37,34,40,71,20,26,27,24,25,299,54,55,56,21,58],"class_list":{"0":"post-107297","1":"post","2":"type-post","3":"status-publish","4":"format-standard","5":"has-post-thumbnail","7":"category-zinas-no-arvalstim","8":"tag-aktualitates","9":"tag-arvalstim","10":"tag-baltijas-jura","11":"tag-breaking-news","12":"tag-breakingnews","13":"tag-featured-news","14":"tag-featurednews","15":"tag-headlines","16":"tag-igaunija","17":"tag-latest-news","18":"tag-latestnews","19":"tag-latvia","20":"tag-latvian","21":"tag-latviesu","22":"tag-latviesu-valoda","23":"tag-latviesuvaloda","24":"tag-latvija","25":"tag-lv","26":"tag-nato","27":"tag-news","28":"tag-popularakas-zinas","29":"tag-popularakaszinas","30":"tag-top-stories","31":"tag-topstories","32":"tag-vacija","33":"tag-world","34":"tag-world-news","35":"tag-worldnews","36":"tag-zinas","37":"tag-zinas-no-arvalstim"},"share_on_mastodon":{"url":"https:\/\/pubeurope.com\/@lv\/115912051435117121","error":""},"_links":{"self":[{"href":"https:\/\/www.europesays.com\/lv\/wp-json\/wp\/v2\/posts\/107297","targetHints":{"allow":["GET"]}}],"collection":[{"href":"https:\/\/www.europesays.com\/lv\/wp-json\/wp\/v2\/posts"}],"about":[{"href":"https:\/\/www.europesays.com\/lv\/wp-json\/wp\/v2\/types\/post"}],"author":[{"embeddable":true,"href":"https:\/\/www.europesays.com\/lv\/wp-json\/wp\/v2\/users\/2"}],"replies":[{"embeddable":true,"href":"https:\/\/www.europesays.com\/lv\/wp-json\/wp\/v2\/comments?post=107297"}],"version-history":[{"count":0,"href":"https:\/\/www.europesays.com\/lv\/wp-json\/wp\/v2\/posts\/107297\/revisions"}],"wp:featuredmedia":[{"embeddable":true,"href":"https:\/\/www.europesays.com\/lv\/wp-json\/wp\/v2\/media\/107298"}],"wp:attachment":[{"href":"https:\/\/www.europesays.com\/lv\/wp-json\/wp\/v2\/media?parent=107297"}],"wp:term":[{"taxonomy":"category","embeddable":true,"href":"https:\/\/www.europesays.com\/lv\/wp-json\/wp\/v2\/categories?post=107297"},{"taxonomy":"post_tag","embeddable":true,"href":"https:\/\/www.europesays.com\/lv\/wp-json\/wp\/v2\/tags?post=107297"}],"curies":[{"name":"wp","href":"https:\/\/api.w.org\/{rel}","templated":true}]}}