{"id":107305,"date":"2026-01-17T19:32:03","date_gmt":"2026-01-17T19:32:03","guid":{"rendered":"https:\/\/www.europesays.com\/lv\/107305\/"},"modified":"2026-01-17T19:32:03","modified_gmt":"2026-01-17T19:32:03","slug":"latvija-atvadas-no-legendara-komponista-borisa-reznika-lente-lv-3","status":"publish","type":"post","link":"https:\/\/www.europesays.com\/lv\/107305\/","title":{"rendered":"Latvija atvad\u0101s no le\u0123end\u0101r\u0101 komponista Borisa Rez\u0146ika\u00a0\u2014\u00a0Lente.lv"},"content":{"rendered":"<p>M\u016b\u017e\u012bb\u0101 devies talant\u012bgais komponists Boriss Rez\u0146iks<\/p>\n<p>Nesagaidot 2026. gada iest\u0101\u0161anos, p\u0113c smagas slim\u012bbas aizsaul\u0113 aizg\u0101jis izcilais latvie\u0161u komponists, m\u016bzi\u0137is un grupas \u201eEolika\u201d ilggad\u0113jais vad\u012bt\u0101js Boriss Rez\u0146iks. Vi\u0146\u0161 bija 78 gadus vecs. K\u0101 zi\u0146o av\u012bze Diena, komponists m\u016b\u017e\u012bb\u0101 devies 2025. gada 31. decembr\u012b. Vi\u0146a aizie\u0161ana ir milz\u012bgs zaud\u0113jums Latvijas m\u016bzikas v\u0113sturei.<\/p>\n<p>Dz\u012bves un rado\u0161\u0101s darb\u012bbas atskats<\/p>\n<p>Boriss Rez\u0146iks dzimis 1947. gada 3. maij\u0101 R\u012bg\u0101. Vi\u0146\u0161 bija viens no atpaz\u012bstam\u0101kajiem un m\u012bl\u0113t\u0101kajiem Latvijas komponistiem, kura dai\u013crade sniedzas t\u0101lu aiz popul\u0101r\u0101s m\u016bzikas robe\u017e\u0101m. Vi\u0146a v\u0101rds ir neat\u0146emami saist\u012bts ar le\u0123end\u0101ro m\u016bzikas grupu \u201eEolika\u201d, kuru vi\u0146\u0161 dibin\u0101ja 1966. gad\u0101 kop\u0101 ar citiem Em\u012bla D\u0101rzi\u0146a m\u016bzikas vidusskolas audz\u0113k\u0146iem. No 1972. l\u012bdz 1992. gadam Rez\u0146iks vad\u012bja \u201eEoliku\u201d, k\u013c\u016bstot par t\u0101s galveno rado\u0161o sp\u0113ku un tausti\u0146instrument\u0101listu.<\/p>\n<p>Rez\u0146ika rad\u012bt\u0101s melodijas, piem\u0113ram, \u201ePasaule, pasaul\u012bt\u201d, \u201eTu sm\u0113jies sapn\u012b\u201d, \u201eEs neesmu D\u017eeina Fonda\u201d, \u201eTava atn\u0101k\u0161ana\u201d, \u201eDaugava\u201d un \u201eKarav\u0101na\u201d, ir k\u013cuvu\u0161as par neat\u0146emamu Latvijas estr\u0101des m\u016bzikas zelta fondu, ko joproj\u0101m m\u012bl un klaus\u0101s da\u017e\u0101das paaudzes. Vi\u0146\u0161 sarakst\u012bjis vair\u0101k nek\u0101 100 dziesmu, k\u0101 ar\u012b rad\u012bjis m\u016bziku te\u0101tra izr\u0101d\u0113m un b\u0113rnu popgrup\u0101m. Vi\u0146a ieguld\u012bjums patriotisk\u0101s dziesmas \u201eAtmostas Baltija\u201d tap\u0161an\u0101 kop\u0101 ar Valdi Pavlovski ir \u012bpa\u0161i noz\u012bm\u012bgs, jo dziesma k\u013cuva par vienu no Atmodas laika simboliem un tika dzied\u0101ta latvie\u0161u, lietuvie\u0161u un igau\u0146u valod\u0101, padarot komponistu slavenu vis\u0101 Baltij\u0101.<\/p>\n<p>Cilv\u0113ciskums un profesionalit\u0101te<\/p>\n<p>Komponista sieva Aleksandra Solovjova dal\u012bjusies aizkustino\u0161\u0101s atkl\u0101sm\u0113s par v\u012bra p\u0113d\u0113jo dz\u012bves m\u0113nesi, nor\u0101dot, ka vi\u0146\u0161 p\u0113d\u0113jo savas dz\u012bves m\u0113nesi pavad\u012bjis slimn\u012bc\u0101, vispirms Onkolo\u0123ijas centr\u0101, p\u0113c tam paliat\u012bv\u0101s apr\u016bpes noda\u013c\u0101. Vi\u0146a atz\u012bm\u0113jusi, ka slim\u012bba vi\u0146u bija piln\u012bb\u0101 izmain\u012bjusi, un apzi\u0146a, ka neko nevar izdar\u012bt, lai pal\u012bdz\u0113tu, ir \u0101rk\u0101rt\u012bgi s\u0101p\u012bga. Lai gan Boriss Rez\u0146iks jau iepriek\u0161 bija sask\u0101ries ar da\u017e\u0101d\u0101m saslim\u0161an\u0101m, tostarp asins slim\u012bbu, kas progres\u0113jusi l\u012bdz leikozei, vi\u0146\u0161 ar to c\u012bn\u012bj\u0101s, cik sp\u0113ja.<\/p>\n<p>Par Borisu Rez\u0146iku saka, ka vi\u0146\u0161 sev\u012b apvienojis lielu muzik\u0101lu talantu ar cilv\u0113c\u012bbu un inteli\u0123enci. Vi\u0146\u0161 bija absol\u016bts perfekcionists un ar lielu atbild\u012bbu \u0137\u0113r\u0101s pie katra darba. Vi\u0146a muzik\u0101l\u0101 izgl\u012bt\u012bba, ko vi\u0146\u0161 ieguva Em\u012bla D\u0101rzi\u0146a m\u016bzikas skol\u0101 un v\u0113l\u0101k absolv\u0113ja J\u0101zepa V\u012btola Latvijas Valsts konservatoriju, ieg\u016bstot kordiri\u0123enta diplomu, \u013c\u0101va vi\u0146am veidot \u012bpa\u0161i bag\u0101t\u012bgu un harmonisku daudzbals\u012bbu, kas k\u013cuva par \u201eEolikas\u201d viz\u012btkarti.<\/p>\n<p>Atvadas no le\u0123end\u0101r\u0101 m\u016bzi\u0137a<\/p>\n<p>Atvad\u012bties no Borisa Rez\u0146ika R\u012bgas krematorij\u0101 2026. gada 8. janv\u0101r\u012b ierad\u0101s vair\u0101k nek\u0101 simts cilv\u0113ku, tai skait\u0101 visi grupas \u201eEolika\u201d dal\u012bbnieki \u2013 Olga Rajecka, Ilona Stepanova, Viktors Zemgals un Dainis Dobelnieks, k\u0101 ar\u012b citi m\u016bzi\u0137i, ar kuriem vi\u0146\u0161 sadarbojies sav\u0101 ierakstu studij\u0101 \u201eStudio 55\u201d, komponisti Zigmars Liepi\u0146\u0161, Uldis Marhilevi\u010ds un citi rado\u0161o profesiju p\u0101rst\u0101vji. Rez\u0146iks tika krem\u0113ts, piepildot vi\u0146a pa\u0161a v\u0113lmi, un ir izteikta v\u0113lme uz pieminek\u013ca iek\u013caut k\u0101das vi\u0146a kompon\u0113t\u0101s dziesmas rindas.<\/p>\n<p>M\u016bzikas mantojums un atzin\u012bba<\/p>\n<p>Boriss Rez\u0146iks ir devis neatsveramu ieguld\u012bjumu Latvijas m\u016bzikas att\u012bst\u012bb\u0101. 1997. gad\u0101 vi\u0146\u0161 sa\u0146\u0113ma Latvijas M\u016bzikas ierakstu gada balvu par m\u016b\u017ea ieguld\u012bjumu, bet 2010. gad\u0101 vi\u0146am tika pie\u0161\u0137irts IV \u0161\u0137iras Triju Zvaig\u017e\u0146u ordenis. 2019. gad\u0101 komponists sa\u0146\u0113ma R\u012bgas domes balvu \u201eGada r\u012bdzinieks 2019\u201d par Atmodas laika le\u0123end\u0101r\u0101 ska\u0146darba \u201eAtmostas Baltija\u201d rad\u012b\u0161anu un ieguld\u012bjumu m\u016bzikas att\u012bst\u012bb\u0101. Vi\u0146a unik\u0101l\u0101 daudzbals\u012bbas izj\u016bta un spilgtais melodiskais rokraksts ir palieko\u0161a v\u0113rt\u012bba Latvijas m\u016bzikas v\u0113stur\u0113.<\/p>\n","protected":false},"excerpt":{"rendered":"M\u016b\u017e\u012bb\u0101 devies talant\u012bgais komponists Boriss Rez\u0146iks Nesagaidot 2026. gada iest\u0101\u0161anos, p\u0113c smagas slim\u012bbas aizsaul\u0113 aizg\u0101jis izcilais latvie\u0161u komponists,&hellip;\n","protected":false},"author":2,"featured_media":106259,"comment_status":"","ping_status":"","sticky":false,"template":"","format":"standard","meta":{"footnotes":""},"categories":[19],"tags":[23833,23832,89,8480,90,2752,35,39,38,194,36,37,34,40],"class_list":{"0":"post-107305","1":"post","2":"type-post","3":"status-publish","4":"format-standard","5":"has-post-thumbnail","7":"category-izklaide","8":"tag-atmostas-baltija","9":"tag-boriss-rezniks","10":"tag-entertainment","11":"tag-eolika","12":"tag-izklaide","13":"tag-komponists","14":"tag-latvia","15":"tag-latvian","16":"tag-latviesu","17":"tag-latviesu-muzika","18":"tag-latviesu-valoda","19":"tag-latviesuvaloda","20":"tag-latvija","21":"tag-lv"},"share_on_mastodon":{"url":"https:\/\/pubeurope.com\/@lv\/115912110394975383","error":""},"_links":{"self":[{"href":"https:\/\/www.europesays.com\/lv\/wp-json\/wp\/v2\/posts\/107305","targetHints":{"allow":["GET"]}}],"collection":[{"href":"https:\/\/www.europesays.com\/lv\/wp-json\/wp\/v2\/posts"}],"about":[{"href":"https:\/\/www.europesays.com\/lv\/wp-json\/wp\/v2\/types\/post"}],"author":[{"embeddable":true,"href":"https:\/\/www.europesays.com\/lv\/wp-json\/wp\/v2\/users\/2"}],"replies":[{"embeddable":true,"href":"https:\/\/www.europesays.com\/lv\/wp-json\/wp\/v2\/comments?post=107305"}],"version-history":[{"count":0,"href":"https:\/\/www.europesays.com\/lv\/wp-json\/wp\/v2\/posts\/107305\/revisions"}],"wp:featuredmedia":[{"embeddable":true,"href":"https:\/\/www.europesays.com\/lv\/wp-json\/wp\/v2\/media\/106259"}],"wp:attachment":[{"href":"https:\/\/www.europesays.com\/lv\/wp-json\/wp\/v2\/media?parent=107305"}],"wp:term":[{"taxonomy":"category","embeddable":true,"href":"https:\/\/www.europesays.com\/lv\/wp-json\/wp\/v2\/categories?post=107305"},{"taxonomy":"post_tag","embeddable":true,"href":"https:\/\/www.europesays.com\/lv\/wp-json\/wp\/v2\/tags?post=107305"}],"curies":[{"name":"wp","href":"https:\/\/api.w.org\/{rel}","templated":true}]}}