{"id":107306,"date":"2026-01-17T19:36:27","date_gmt":"2026-01-17T19:36:27","guid":{"rendered":"https:\/\/www.europesays.com\/lv\/107306\/"},"modified":"2026-01-17T19:36:27","modified_gmt":"2026-01-17T19:36:27","slug":"zviedrija-plano-sogad-latvija-izvietot-pirmas-archer-artilerijas-sistemas","status":"publish","type":"post","link":"https:\/\/www.europesays.com\/lv\/107306\/","title":{"rendered":"Zviedrija pl\u0101no \u0161ogad Latvij\u0101 izvietot pirm\u0101s &#8220;Archer&#8221; artil\u0113rijas sist\u0113mas"},"content":{"rendered":"<p>Zviedrija pl\u0101no \u0161ogad Latvij\u0101 izvietot pirm\u0101s &#8220;Archer&#8221; rite\u0146u artil\u0113rijas sist\u0113mas, inform\u0113ja Zviedrijas aizsardz\u012bbas ministrs P\u0101ls Jonsons, kur\u0161 piektdien viz\u012btes laik\u0101 Latvij\u0101 tik\u0101s ar aizsardz\u012bbas ministru Andri Spr\u016bdu (P) un parakst\u012bja ce\u013ca karti aizsardz\u012bbas sadarb\u012bbas stiprin\u0101\u0161anai starp Latviju un Zviedriju.<\/p>\n<p>Jonsons sac\u012bja, ka Zieme\u013cvalstu un Baltijas valstu sadarb\u012bba att\u012bst\u0101s un Latvija Zviedrijai ir noz\u012bm\u012bgs re\u0123ion\u0101lais partneris. Vi\u0146\u0161 pateic\u0101s Spr\u016bdam par darbu Ukrainas Aizsardz\u012bbas kontaktgrup\u0101, k\u0101 ar\u012b Latvijai par Dronu koal\u012bcijas vad\u012b\u0161anu un par ieguld\u012bjumiem aizsardz\u012bb\u0101.<\/p>\n<p>Spr\u016bds uzsv\u0113ra, ka Latvija augstu v\u0113rt\u0113 Zviedrijas dal\u012bbu NATO un Zviedrijas karav\u012bru kl\u0101tb\u016btni Latvij\u0101, piebilstot, ka sadarb\u012bba paredz\u0113ta vair\u0101k\u0101s jom\u0101s, tostarp industrijas sadarb\u012bb\u0101, iepirkumos, bezpilota sist\u0113mu jeb dronu jom\u0101, j\u016bras dimensij\u0101, kritisk\u0101s infrastrukt\u016bras aizsardz\u012bb\u0101, k\u0101 ar\u012b pretgaisa aizsardz\u012bb\u0101. Vi\u0146\u0161 ar\u012b min\u0113ja, ka l\u012bdz ar Zviedrijas bataljonu Latvij\u0101 ir izvietotas pretgaisa aizsardz\u012bbas komponentes un tiek sperti n\u0101kamie so\u013ci, v\u0113rt\u0113jot ar\u012b papildu gaisa kl\u0101tb\u016btnes iesp\u0113jas.<\/p>\n<p>Jonsons atz\u012bm\u0113ja, ka parakst\u012bt\u0101 ce\u013ca karte sadarb\u012bbu pacels jaun\u0101 l\u012bmen\u012b un uzsv\u0113ra Zviedrijas ilgtermi\u0146a ap\u0146em\u0161anos par kl\u0101tb\u016btni Latvij\u0101. Zviedrijas aizsardz\u012bbas ministrs akcent\u0113ja, ka pirm\u0101s divas &#8220;Archer&#8221; sist\u0113mas Latvij\u0101 paredz\u0113ts izvietot 2026. gad\u0101 un s\u0101kt tehnisko apm\u0101c\u012bbu.<\/p>\n<p>Atbildot uz jaut\u0101jumu par pirmajiem praktiskajiem so\u013ciem, Jonsons teica, ka Zviedrija ir ieinteres\u0113ta izmantot Latvij\u0101 pieejam\u0101s test\u0113\u0161anas iesp\u0113jas bezpilota sist\u0113m\u0101m. Vi\u0146\u0161 ar\u012b atz\u012bm\u0113ja, ka Latvija vada Dronu koal\u012bciju Ukrainas aizsardz\u012bbas kontaktgrup\u0101, bet Zviedrija kop\u0101 ar V\u0101ciju vada Elektronisk\u0101s karadarb\u012bbas koal\u012bciju, t\u0101p\u0113c sadarb\u012bba \u0161aj\u0101 jom\u0101 ir likumsakar\u012bga. Jonsons min\u0113ja, ka ce\u013ca kart\u0113 paredz\u0113ti ar\u012b konkr\u0113ti so\u013ci sadarb\u012bbas papla\u0161in\u0101\u0161anai j\u016br\u0101, tostarp piekrastes aizsardz\u012bb\u0101 un \u0101trgaitas laivu jom\u0101.<\/p>\n<p>Spr\u016bds piebilda, ka Latvija un Zviedrija \u0161ogad pl\u0101no papla\u0161in\u0101t sadarb\u012bbu autonomo sist\u0113mu kompetences centr\u0101, tostarp test\u0113\u0161an\u0101 un ekspertu iesaist\u0113. Ministri piemin\u0113ja ar\u012b iesp\u0113ju vienoties par milit\u0101ru sapra\u0161an\u0101s dokumentu, lai nodro\u0161in\u0101tu juridiskos nosac\u012bjumus Zviedrijas izn\u012bcin\u0101t\u0101ju &#8220;Gripen&#8221; pagaidu izvieto\u0161anai un p\u0101rdislok\u0101cijai, izmantojot valstu \u0123eogr\u0101fisko tuvumu.<\/p>\n<p>Sarun\u0101s tika p\u0101rrun\u0101ta ar\u012b situ\u0101cija Grenland\u0113. Spr\u016bds kl\u0101st\u012bja, ka, ja tiktu sa\u0146emts piepras\u012bjums, Latvija kopum\u0101 b\u016btu gatava piedal\u012bties aktivit\u0101t\u0113s Grenland\u0113, savuk\u0101rt ilg\u0101kai iesaistei b\u016btu vajadz\u012bgs vald\u012bbas un Saeimas l\u0113mums. Jonsons teica, ka Krievija palielina kl\u0101tb\u016btni Arktik\u0101, un min\u0113ja ar\u012b \u0136\u012bnas aktivit\u0101tes, piebilstot, ka Zviedrija uz Grenlandi nos\u016bt\u012bjusi tr\u012bs \u0161t\u0101ba virsniekus izl\u016bko\u0161anas viz\u012bt\u0113, lai v\u0113rt\u0113tu turpm\u0101ku iesaisti.<\/p>\n<p>Stingri aizliegts iAuto.lv public\u0113tos materi\u0101lus izmantot, kop\u0113t vai reproduc\u0113t citos interneta port\u0101los, masu inform\u0101cijas l\u012bdzek\u013cos vai k\u0101 cit\u0101di r\u012bkoties ar iAuto.lv public\u0113tajiem materi\u0101liem bez rakstiskas EON SIA at\u013caujas sa\u0146em\u0161anas.<\/p>\n","protected":false},"excerpt":{"rendered":"Zviedrija pl\u0101no \u0161ogad Latvij\u0101 izvietot pirm\u0101s &#8220;Archer&#8221; rite\u0146u artil\u0113rijas sist\u0113mas, inform\u0113ja Zviedrijas aizsardz\u012bbas ministrs P\u0101ls Jonsons, kur\u0161 piektdien&hellip;\n","protected":false},"author":2,"featured_media":107307,"comment_status":"","ping_status":"","sticky":false,"template":"","format":"standard","meta":{"footnotes":""},"categories":[12],"tags":[23,28,29,32,33,22,30,31,35,39,38,36,37,34,40,20,26,27,24,25,21,25576],"class_list":{"0":"post-107306","1":"post","2":"type-post","3":"status-publish","4":"format-standard","5":"has-post-thumbnail","7":"category-latvija","8":"tag-aktualitates","9":"tag-breaking-news","10":"tag-breakingnews","11":"tag-featured-news","12":"tag-featurednews","13":"tag-headlines","14":"tag-latest-news","15":"tag-latestnews","16":"tag-latvia","17":"tag-latvian","18":"tag-latviesu","19":"tag-latviesu-valoda","20":"tag-latviesuvaloda","21":"tag-latvija","22":"tag-lv","23":"tag-news","24":"tag-popularakas-zinas","25":"tag-popularakaszinas","26":"tag-top-stories","27":"tag-topstories","28":"tag-zinas","29":"tag-zviedrija-plano-sogad-latvija-izvietot-pirmas-archer-artilerijas-sistemas"},"share_on_mastodon":{"url":"https:\/\/pubeurope.com\/@lv\/115912126210739673","error":""},"_links":{"self":[{"href":"https:\/\/www.europesays.com\/lv\/wp-json\/wp\/v2\/posts\/107306","targetHints":{"allow":["GET"]}}],"collection":[{"href":"https:\/\/www.europesays.com\/lv\/wp-json\/wp\/v2\/posts"}],"about":[{"href":"https:\/\/www.europesays.com\/lv\/wp-json\/wp\/v2\/types\/post"}],"author":[{"embeddable":true,"href":"https:\/\/www.europesays.com\/lv\/wp-json\/wp\/v2\/users\/2"}],"replies":[{"embeddable":true,"href":"https:\/\/www.europesays.com\/lv\/wp-json\/wp\/v2\/comments?post=107306"}],"version-history":[{"count":0,"href":"https:\/\/www.europesays.com\/lv\/wp-json\/wp\/v2\/posts\/107306\/revisions"}],"wp:featuredmedia":[{"embeddable":true,"href":"https:\/\/www.europesays.com\/lv\/wp-json\/wp\/v2\/media\/107307"}],"wp:attachment":[{"href":"https:\/\/www.europesays.com\/lv\/wp-json\/wp\/v2\/media?parent=107306"}],"wp:term":[{"taxonomy":"category","embeddable":true,"href":"https:\/\/www.europesays.com\/lv\/wp-json\/wp\/v2\/categories?post=107306"},{"taxonomy":"post_tag","embeddable":true,"href":"https:\/\/www.europesays.com\/lv\/wp-json\/wp\/v2\/tags?post=107306"}],"curies":[{"name":"wp","href":"https:\/\/api.w.org\/{rel}","templated":true}]}}