{"id":107317,"date":"2026-01-17T19:59:08","date_gmt":"2026-01-17T19:59:08","guid":{"rendered":"https:\/\/www.europesays.com\/lv\/107317\/"},"modified":"2026-01-17T19:59:08","modified_gmt":"2026-01-17T19:59:08","slug":"putina-netipiska-klusesana-varetu-radit-bazas-gan-ukrainai-gan-eiropai","status":"publish","type":"post","link":"https:\/\/www.europesays.com\/lv\/107317\/","title":{"rendered":"Putina netipisk\u0101 klus\u0113\u0161ana var\u0113tu rad\u012bt ba\u017eas gan Ukrainai, gan Eiropai"},"content":{"rendered":"<p>Aptaujas liecina, ka atbalsts sarun\u0101m par kara izbeig\u0161anu ir pieaudzis l\u012bdz 67%, bet 25% respondentu v\u0113las to turpin\u0101t, kas ir zem\u0101kais l\u012bmenis kop\u0161 iebrukuma s\u0101kuma.<\/p>\n<p>K\u0101p\u0113c Putins klus\u0113?<\/p>\n<p>&#8220;Bloomberg&#8221; eksperts nor\u0101da, ka tas nenoz\u012bm\u0113, ka Krievijas iedz\u012bvot\u0101ji iebilst pret karu, v\u0113l jo maz\u0101k Putinu, ta\u010du tas pal\u012bdz izskaidrot, k\u0101p\u0113c Krievijas diktators nev\u0113las uzsv\u0113rt faktu, ka vi\u0146am Pokrovskas ie\u0146em\u0161ana pras\u012bja ilg\u0101ku laiku nek\u0101 Josifam Sta\u013cinam Berl\u012bnes sasnieg\u0161ana.<\/p>\n<p>Turkl\u0101t par to klus\u0113ja ne tikai Putins, bet ar\u012b vi\u0146a amatpersonas un pla\u0161sazi\u0146as l\u012bdzek\u013ci.<\/p>\n<p>Kremlim pietuvin\u0101ti avoti a\u0123ent\u016brai &#8220;Bloomberg&#8221; past\u0101st\u012bja, ka Venecu\u0113la nav tik svar\u012bga, lai par to b\u016btu v\u0113rts c\u012bn\u012bties un risk\u0113t ar attiec\u012bb\u0101m ar ASV.<\/p>\n<blockquote class=\"quote ck-widget\" contenteditable=\"false\">\n<p>\u010cempions nor\u0101da, ka to pa\u0161u var\u0113tu teikt par Ir\u0101nu. Tikm\u0113r Grenlandes ie\u0146em\u0161ana ASV, visticam\u0101k, izn\u012bcin\u0101tu NATO, kas b\u016btu skaidra uzvara Putinam.<\/p>\n<\/blockquote>\n<p>Tom\u0113r, k\u0101 nor\u0101da eksperts, kam\u0113r Putins turpina karu Ukrain\u0101, vi\u0146am nav re\u0101las iesp\u0113jas iebilst pret Trampa politiku pasaul\u0113. T\u0101 rezult\u0101t\u0101 Venecu\u0113la un Ir\u0101na ir k\u013cuvu\u0161as par v\u0113l div\u0101m sabiedrotaj\u0101m, kuras Maskava ir atst\u0101jusi likte\u0146a var\u0101.<\/p>\n<p>\u010cempions nor\u0101da \u2013 ja Putins uzskata, ka ar ASV var pan\u0101kt vieno\u0161anos, piespie\u017eot Kijivu atteikties no t\u0101, ko vi\u0146\u0161 nevar\u0113ja pa\u0146emt ar varu, ir lo\u0123iski klus\u0113t par notikumiem ASV.<\/p>\n","protected":false},"excerpt":{"rendered":"Aptaujas liecina, ka atbalsts sarun\u0101m par kara izbeig\u0161anu ir pieaudzis l\u012bdz 67%, bet 25% respondentu v\u0113las to turpin\u0101t,&hellip;\n","protected":false},"author":2,"featured_media":107318,"comment_status":"","ping_status":"","sticky":false,"template":"","format":"standard","meta":{"footnotes":""},"categories":[14],"tags":[23,57,292,28,29,542,32,33,22,2562,234,74,30,31,35,39,38,36,37,34,40,20,26,27,24,25,276,358,235,54,55,56,21,58],"class_list":{"0":"post-107317","1":"post","2":"type-post","3":"status-publish","4":"format-standard","5":"has-post-thumbnail","7":"category-zinas-no-arvalstim","8":"tag-aktualitates","9":"tag-arvalstim","10":"tag-asv","11":"tag-breaking-news","12":"tag-breakingnews","13":"tag-donalds-tramps","14":"tag-featured-news","15":"tag-featurednews","16":"tag-headlines","17":"tag-irana","18":"tag-krievija","19":"tag-krievijas-iebrukums-ukraina","20":"tag-latest-news","21":"tag-latestnews","22":"tag-latvia","23":"tag-latvian","24":"tag-latviesu","25":"tag-latviesu-valoda","26":"tag-latviesuvaloda","27":"tag-latvija","28":"tag-lv","29":"tag-news","30":"tag-popularakas-zinas","31":"tag-popularakaszinas","32":"tag-top-stories","33":"tag-topstories","34":"tag-ukraina","35":"tag-venecuela","36":"tag-vladimirs-putins","37":"tag-world","38":"tag-world-news","39":"tag-worldnews","40":"tag-zinas","41":"tag-zinas-no-arvalstim"},"share_on_mastodon":{"url":"","error":"Validation failed: Text character limit of 500 exceeded"},"_links":{"self":[{"href":"https:\/\/www.europesays.com\/lv\/wp-json\/wp\/v2\/posts\/107317","targetHints":{"allow":["GET"]}}],"collection":[{"href":"https:\/\/www.europesays.com\/lv\/wp-json\/wp\/v2\/posts"}],"about":[{"href":"https:\/\/www.europesays.com\/lv\/wp-json\/wp\/v2\/types\/post"}],"author":[{"embeddable":true,"href":"https:\/\/www.europesays.com\/lv\/wp-json\/wp\/v2\/users\/2"}],"replies":[{"embeddable":true,"href":"https:\/\/www.europesays.com\/lv\/wp-json\/wp\/v2\/comments?post=107317"}],"version-history":[{"count":0,"href":"https:\/\/www.europesays.com\/lv\/wp-json\/wp\/v2\/posts\/107317\/revisions"}],"wp:featuredmedia":[{"embeddable":true,"href":"https:\/\/www.europesays.com\/lv\/wp-json\/wp\/v2\/media\/107318"}],"wp:attachment":[{"href":"https:\/\/www.europesays.com\/lv\/wp-json\/wp\/v2\/media?parent=107317"}],"wp:term":[{"taxonomy":"category","embeddable":true,"href":"https:\/\/www.europesays.com\/lv\/wp-json\/wp\/v2\/categories?post=107317"},{"taxonomy":"post_tag","embeddable":true,"href":"https:\/\/www.europesays.com\/lv\/wp-json\/wp\/v2\/tags?post=107317"}],"curies":[{"name":"wp","href":"https:\/\/api.w.org\/{rel}","templated":true}]}}