{"id":107321,"date":"2026-01-17T20:07:08","date_gmt":"2026-01-17T20:07:08","guid":{"rendered":"https:\/\/www.europesays.com\/lv\/107321\/"},"modified":"2026-01-17T20:07:08","modified_gmt":"2026-01-17T20:07:08","slug":"rinkevics-grenlandes-jautajuma-nepieciesams-dialogs-nevis-spiediens-1188-lv","status":"publish","type":"post","link":"https:\/\/www.europesays.com\/lv\/107321\/","title":{"rendered":"Rink\u0113vi\u010ds: Grenlandes jaut\u0101jum\u0101 nepiecie\u0161ams dialogs, nevis spiediens &#8211; 1188.lv"},"content":{"rendered":"<ol>\n<li><a href=\"https:\/\/news.google.com\/rss\/articles\/CBMioAFBVV95cUxQaTJaU0VqbTVIeDlWekptakY5YjhvX3NHbmpvMjRfdUlOS2lqLUtuelpNWG1TWnpTY0hxNUs5cEY0ZDBFZFhpM2lvX1ppbWZIN09DNkdPZzhYRS1CckJQLU4zaUJVSFpDMlJXck53dml6ckNmSlAzYVFJaHNmY213b2Y2d19XeGIxeU5BWlAxQ00zbVoxTmlEek5fTHhtUXh1?oc=5\" target=\"_blank\" rel=\"nofollow noopener\">Rink\u0113vi\u010ds: Grenlandes jaut\u0101jum\u0101 nepiecie\u0161ams dialogs, nevis spiediens<\/a>&nbsp;&nbsp;1188.lv<\/li>\n<li><a href=\"https:\/\/news.google.com\/rss\/articles\/CBMi3gFBVV95cUxPTmhVXzNGd2dUVlVoZ085ZWRFSFVTb2ZDY3lCM0laTlJTSkNBUXJlOEZvUkxXRllWYmlMb0JyYjZXVEpXRlZkelFrMEZNUTRiVEVSa0d5SGxXRWlqUXdYOWltb09BZVVVVTN6OXBQaDVtTDdvUTFoMGhnWFhoRHBNZGFfdGJWV0NFOTdicTd3bHR2djNHRThadEduVk9WUl9jT3pHcVFoSzh0QnYxNldyN2pBQjNLdkZfbjVMT0NBZ2FxYmJfZFljQ2JSalJJd2wwQ2xYUURZVmJGelN4ZkE?oc=5\" target=\"_blank\" rel=\"nofollow noopener\">Tramps atkl\u0101ti draud Eiropas valst\u012bm, kas Grenland\u0113 &#8220;sp\u0113l\u0113 \u013coti b\u012bstamu sp\u0113li&#8221;, un pazi\u0146o par tarifu ievie\u0161anu<\/a>&nbsp;&nbsp;Jauns.lv<\/li>\n<li><a href=\"https:\/\/news.google.com\/rss\/articles\/CBMizgFBVV95cUxNekNkZ05NNXAxWDlJOUpxenBrLUxMWWo2OThSVDRHRDBRMnVvOWlOcVUzcHFBc0VPazRTM0M0YmxTZ21BUmI5TEFnWEpNWHBRaG1vZkIwZjc0OEVxQlhMZ05VN1N0TzlEWDVUSnRzYmQzUVg3YktmZFJ2eElNWG1JLWpBRjFBWnlpWUE0UVpubHVhWGdVd0l6cDE5bmkyXzJ4U2p6dW1WeXhRX002cHJjRFhVeGlSY3dTWVJXOVd4VFZKS1hQZjZTOWN6eVJ6Zw?oc=5\" target=\"_blank\" rel=\"nofollow noopener\">D\u0101nij\u0101 t\u016bksto\u0161iem cilv\u0113ku protest\u0113 pret Trampa centieniem ieg\u016bt Grenlandi \/ Raksts<\/a>&nbsp;&nbsp;LSM<\/li>\n<li><a href=\"https:\/\/news.google.com\/rss\/articles\/CBMivgFBVV95cUxQVjJ5RGZNcHk2N2lSWXRGV3p3ampLVlcyZDBkX2VpdzBMV0stWW1oV0tuQlo4TjltRzVNbGZLaVZjVUJMNHdtVzdVeWZFa3RHcWlKaERVSl9OcGpicGJ5WmUtdW9FUEFkbWt0NnZkZTB2dk5CeEo3WEV1cEUxZFh0LXo5bWEwY0staG0yZHdRMjFWRGNHdER2UUJvM1RTUnVXTURxN2V1ZzFNaFlRZ21GTkFTLVVLRHp2NDhUNVVn?oc=5\" target=\"_blank\" rel=\"nofollow noopener\">Tramps draud ar tarifiem valst\u012bm, kas nenost\u0101sies vi\u0146a pus\u0113 Grenlandes jaut\u0101jum\u0101<\/a>&nbsp;&nbsp;Lasi.lv<\/li>\n<li><a href=\"https:\/\/news.google.com\/rss\/articles\/CBMizAFBVV95cUxNRkVaUlF0cUNTVG5ENC1PUEF3RmJVUWpGVlFHcDVtWXlaTy15YXpHVmx5eWVqeDI5RnVzcmtRT1lBdlEwWEIzTG5IR1JXU2tPUTVaUzdHYUZWenhIYmpySVQxNnFrTWdvZFFRdmJYcWZUUWtVeVlRTXRWMy0zWnJkc3ZWMGZKOHM2Y0Z0Y20wckQ1Y0lFOThBek1oNmFzcGM2UW1QNmJ5OFJZVVFBM2dRc0JiUkl1Q0JKcUFuNzBLRWx0ZVRhb0djVnJJc0g?oc=5\" target=\"_blank\" rel=\"nofollow noopener\">&#8220;Tas b\u016btu k\u0101 vardarb\u012bba \u0123imen\u0113&#8221; \u2013 eksperti par ASV v\u0113lmi p\u0101r\u0146emt Grenlandi<\/a>&nbsp;&nbsp;Delfi<\/li>\n<\/ol>\n","protected":false},"excerpt":{"rendered":"Rink\u0113vi\u010ds: Grenlandes jaut\u0101jum\u0101 nepiecie\u0161ams dialogs, nevis spiediens&nbsp;&nbsp;1188.lv Tramps atkl\u0101ti draud Eiropas valst\u012bm, kas Grenland\u0113 &#8220;sp\u0113l\u0113 \u013coti b\u012bstamu sp\u0113li&#8221;,&hellip;\n","protected":false},"author":2,"featured_media":107322,"comment_status":"","ping_status":"","sticky":false,"template":"","format":"standard","meta":{"footnotes":""},"categories":[5],"tags":[129,25578,13003,957,1209,23,28,29,32,33,22,30,31,35,39,38,36,37,34,40,20,26,27,958,13004,25579,1210,959,13005,25580,1211,24,25,21],"class_list":{"0":"post-107321","1":"post","2":"type-post","3":"status-publish","4":"format-standard","5":"has-post-thumbnail","7":"category-aktualitates","8":"tag-__typenameadvicekeyword","9":"tag-id2017","10":"tag-id576","11":"tag-id597","12":"tag-id824","13":"tag-aktualitates","14":"tag-breaking-news","15":"tag-breakingnews","16":"tag-featured-news","17":"tag-featurednews","18":"tag-headlines","19":"tag-latest-news","20":"tag-latestnews","21":"tag-latvia","22":"tag-latvian","23":"tag-latviesu","24":"tag-latviesu-valoda","25":"tag-latviesuvaloda","26":"tag-latvija","27":"tag-lv","28":"tag-news","29":"tag-popularakas-zinas","30":"tag-popularakaszinas","31":"tag-slugasv","32":"tag-slugedgars-rinkevics","33":"tag-sluggrenlande","34":"tag-slugpolitika","35":"tag-titleasv","36":"tag-titleedgars-rinkevics","37":"tag-titlegrenlande","38":"tag-titlepolitika","39":"tag-top-stories","40":"tag-topstories","41":"tag-zinas"},"share_on_mastodon":{"url":"","error":"Validation failed: Text character limit of 500 exceeded"},"_links":{"self":[{"href":"https:\/\/www.europesays.com\/lv\/wp-json\/wp\/v2\/posts\/107321","targetHints":{"allow":["GET"]}}],"collection":[{"href":"https:\/\/www.europesays.com\/lv\/wp-json\/wp\/v2\/posts"}],"about":[{"href":"https:\/\/www.europesays.com\/lv\/wp-json\/wp\/v2\/types\/post"}],"author":[{"embeddable":true,"href":"https:\/\/www.europesays.com\/lv\/wp-json\/wp\/v2\/users\/2"}],"replies":[{"embeddable":true,"href":"https:\/\/www.europesays.com\/lv\/wp-json\/wp\/v2\/comments?post=107321"}],"version-history":[{"count":0,"href":"https:\/\/www.europesays.com\/lv\/wp-json\/wp\/v2\/posts\/107321\/revisions"}],"wp:featuredmedia":[{"embeddable":true,"href":"https:\/\/www.europesays.com\/lv\/wp-json\/wp\/v2\/media\/107322"}],"wp:attachment":[{"href":"https:\/\/www.europesays.com\/lv\/wp-json\/wp\/v2\/media?parent=107321"}],"wp:term":[{"taxonomy":"category","embeddable":true,"href":"https:\/\/www.europesays.com\/lv\/wp-json\/wp\/v2\/categories?post=107321"},{"taxonomy":"post_tag","embeddable":true,"href":"https:\/\/www.europesays.com\/lv\/wp-json\/wp\/v2\/tags?post=107321"}],"curies":[{"name":"wp","href":"https:\/\/api.w.org\/{rel}","templated":true}]}}