{"id":107345,"date":"2026-01-17T20:24:14","date_gmt":"2026-01-17T20:24:14","guid":{"rendered":"https:\/\/www.europesays.com\/lv\/107345\/"},"modified":"2026-01-17T20:24:14","modified_gmt":"2026-01-17T20:24:14","slug":"plavniekos-aizturetiem-narkotirgotajiem-konfisce-vairak-neka-160-tukstosus-eiro-skaidra-nauda","status":"publish","type":"post","link":"https:\/\/www.europesays.com\/lv\/107345\/","title":{"rendered":"P\u013cavniekos aiztur\u0113tiem narkotirgot\u0101jiem konfisc\u0113 vair\u0101k nek\u0101 160 t\u016bksto\u0161us eiro skaidr\u0101 naud\u0101"},"content":{"rendered":"<p>Str\u0101d\u0101jot narkotisko vielu nelikum\u012bgas aprites apkaro\u0161anas jom\u0101, likumsargi non\u0101ku\u0161i uz p\u0113d\u0101m k\u0101dam 1986. gad\u0101 dzimu\u0161am v\u012brietim, kur\u0161 jau iepriek\u0161 sod\u012bts par narkotiku nelikum\u012bgu realiz\u0101ciju, un 2002. gad\u0101 dzimu\u0161ai sievietei. Vi\u0146i R\u012bg\u0101 tirgoju\u0161i narkotisk\u0101s vielas. Abi 13. janv\u0101r\u012b aiztur\u0113ti.<\/p>\n<p>Aiztur\u0113\u0161anas br\u012bd\u012b pie v\u012brie\u0161a bija 11 MDMA tabletes, bet krat\u012b\u0161anu vi\u0146a \u012br\u0113t\u0101s m\u0101jas pal\u012bgtelp\u0101 P\u013cavniekos likumsargi atrada 12 kilogramus MDMA table\u0161u, 500 gramus amfetam\u012bna un 153 585 eiro skaidr\u0101 naud\u0101. V\u012brie\u0161a vieglaj\u0101 automa\u0161\u012bn\u0101 atrasti v\u0113l 40 grami amfetam\u012bna, tr\u012bs MDMA tabletes un 8220 eiro.<\/p>\n<p>\u0145emot v\u0113r\u0101, ka v\u012brietim nav ofici\u0101las darbavietas, past\u0101v pamatotas aizdomas, ka pie vi\u0146a atrast\u0101 nauda ieg\u016bta noziedz\u012bg\u0101 ce\u013c\u0101, nor\u0101da <a href=\"https:\/\/www.tvnet.lv\/term\/565901\/policija\" class=\"topicLink\" target=\"_blank\" rel=\"nofollow noopener\">policija<\/a>. Ja tiks apstiprin\u0101ta naudas neleg\u0101la izcelsme, tiks lemts par t\u0101s ieskait\u012b\u0161anu valsts bud\u017eet\u0101.<\/p>\n<p>Aizdom\u0101s tur\u0113tajam v\u012brietim k\u0101 dro\u0161\u012bbas l\u012bdzeklis piem\u0113rots apcietin\u0101jums.<\/p>\n<p>Par narkotiku tirgo\u0161anu grup\u0101 un liel\u0101 apjom\u0101 Krimin\u0101llikum\u0101 paredz\u0113ta br\u012bv\u012bbas at\u0146em\u0161ana uz laiku no pieciem l\u012bdz 15 gadiem, konfisc\u0113jot mantu vai bez mantas konfisk\u0101cijas, un prob\u0101cijas uzraudz\u012bba uz laiku l\u012bdz trim gadiem.<\/p>\n","protected":false},"excerpt":{"rendered":"Str\u0101d\u0101jot narkotisko vielu nelikum\u012bgas aprites apkaro\u0161anas jom\u0101, likumsargi non\u0101ku\u0161i uz p\u0113d\u0101m k\u0101dam 1986. gad\u0101 dzimu\u0161am v\u012brietim, kur\u0161 jau&hellip;\n","protected":false},"author":2,"featured_media":104364,"comment_status":"","ping_status":"","sticky":false,"template":"","format":"standard","meta":{"footnotes":""},"categories":[12],"tags":[23,28,29,32,33,22,30,31,35,39,38,36,37,34,40,20,163,26,27,24,25,138,21],"class_list":{"0":"post-107345","1":"post","2":"type-post","3":"status-publish","4":"format-standard","5":"has-post-thumbnail","7":"category-latvija","8":"tag-aktualitates","9":"tag-breaking-news","10":"tag-breakingnews","11":"tag-featured-news","12":"tag-featurednews","13":"tag-headlines","14":"tag-latest-news","15":"tag-latestnews","16":"tag-latvia","17":"tag-latvian","18":"tag-latviesu","19":"tag-latviesu-valoda","20":"tag-latviesuvaloda","21":"tag-latvija","22":"tag-lv","23":"tag-news","24":"tag-policija","25":"tag-popularakas-zinas","26":"tag-popularakaszinas","27":"tag-top-stories","28":"tag-topstories","29":"tag-valsts-policija","30":"tag-zinas"},"share_on_mastodon":{"url":"https:\/\/pubeurope.com\/@lv\/115912314926419863","error":""},"_links":{"self":[{"href":"https:\/\/www.europesays.com\/lv\/wp-json\/wp\/v2\/posts\/107345","targetHints":{"allow":["GET"]}}],"collection":[{"href":"https:\/\/www.europesays.com\/lv\/wp-json\/wp\/v2\/posts"}],"about":[{"href":"https:\/\/www.europesays.com\/lv\/wp-json\/wp\/v2\/types\/post"}],"author":[{"embeddable":true,"href":"https:\/\/www.europesays.com\/lv\/wp-json\/wp\/v2\/users\/2"}],"replies":[{"embeddable":true,"href":"https:\/\/www.europesays.com\/lv\/wp-json\/wp\/v2\/comments?post=107345"}],"version-history":[{"count":0,"href":"https:\/\/www.europesays.com\/lv\/wp-json\/wp\/v2\/posts\/107345\/revisions"}],"wp:featuredmedia":[{"embeddable":true,"href":"https:\/\/www.europesays.com\/lv\/wp-json\/wp\/v2\/media\/104364"}],"wp:attachment":[{"href":"https:\/\/www.europesays.com\/lv\/wp-json\/wp\/v2\/media?parent=107345"}],"wp:term":[{"taxonomy":"category","embeddable":true,"href":"https:\/\/www.europesays.com\/lv\/wp-json\/wp\/v2\/categories?post=107345"},{"taxonomy":"post_tag","embeddable":true,"href":"https:\/\/www.europesays.com\/lv\/wp-json\/wp\/v2\/tags?post=107345"}],"curies":[{"name":"wp","href":"https:\/\/api.w.org\/{rel}","templated":true}]}}