{"id":107354,"date":"2026-01-17T20:30:13","date_gmt":"2026-01-17T20:30:13","guid":{"rendered":"https:\/\/www.europesays.com\/lv\/107354\/"},"modified":"2026-01-17T20:30:13","modified_gmt":"2026-01-17T20:30:13","slug":"svetdien-latvija-bez-nokrisniem-laika-prognoze-un-temperaturas","status":"publish","type":"post","link":"https:\/\/www.europesays.com\/lv\/107354\/","title":{"rendered":"Sv\u0113tdien Latvij\u0101 bez nokri\u0161\u0146iem: laika prognoze un temperat\u016bras"},"content":{"rendered":"<p class=\"descr\">Sv\u0113tdien b\u016bs saulaina un bez nokri\u0161\u0146iem, tom\u0113r palaikam debesis var aizkl\u0101t m\u0101ko\u0146i, liecina sinopti\u0137u prognozes.<\/p>\n<p>Nakt\u012b uz sv\u0113tdienu nokri\u0161\u0146i nav gaid\u0101mi. Domin\u0113jot l\u0113nam v\u0113jam, minim\u0101l\u0101 gaisa temperat\u016bra b\u016bs -12..-17 gr\u0101di, bet daudzviet piekrast\u0113 b\u016bs silt\u0101ks un termometra stabi\u0146\u0161 nenosl\u012bd\u0113s zem\u0101k par -6..-11gr\u0101diem.<\/p>\n<p>L\u012bdz\u012bgi k\u0101 aizvad\u012btaj\u0101s nakt\u012bs Latvijas austrumos, debes\u012bm skaidrojoties, temperat\u016bra var pazemin\u0101ties l\u012bdz -20 gr\u0101du atz\u012bmei.<\/p>\n<p>R\u012bga nakts b\u016bs auksta un <a href=\"https:\/\/nra.lv\/birka\/temperatura\/\" rel=\"nofollow noopener\" target=\"_blank\">termometra<\/a> stabi\u0146\u0161 var nosl\u012bd\u0113t pat l\u012bdz -14 gr\u0101du atz\u012bmei.<\/p>\n<p>Sv\u0113tdien pa dienu Latvij\u0101 p\u016bt\u012bs l\u0113ns v\u0113j\u0161 un maksim\u0101l\u0101 gaisa temperat\u016bra b\u016bs -5..-10 gr\u0101du robe\u017e\u0101s.<\/p>\n<p>Ar\u012b R\u012bg\u0101 gaid\u0101ms saulains un sauss laiks, p\u016bt\u012bs l\u0113ns v\u0113j\u0161 un gaisa temperat\u016bra paaugstin\u0101sies l\u012bdz -8..-10 gr\u0101diem.<\/p>\n<p>\t\t\t\t\t\tinfo<\/p>\n<p>Uzzini pirmais<br \/>kas interesants noticis Latvij\u0101 un pasaul\u0113,<br \/>pievienojoties mums <a href=\"https:\/\/t.me\/neatkariga\" rel=\"nofollow\">Telegram<\/a> vai <a href=\"https:\/\/whatsapp.com\/channel\/0029VaMLFUH5K3zLU5s4wm3y\" rel=\"nofollow noopener\" target=\"_blank\">Whatsapp<\/a> kan\u0101l\u0101<\/p>\n","protected":false},"excerpt":{"rendered":"Sv\u0113tdien b\u016bs saulaina un bez nokri\u0161\u0146iem, tom\u0113r palaikam debesis var aizkl\u0101t m\u0101ko\u0146i, liecina sinopti\u0137u prognozes. Nakt\u012b uz sv\u0113tdienu&hellip;\n","protected":false},"author":2,"featured_media":107355,"comment_status":"","ping_status":"","sticky":false,"template":"","format":"standard","meta":{"footnotes":""},"categories":[12],"tags":[23,28,29,32,33,22,30,31,35,39,38,36,37,34,40,20,26,27,24,25,21],"class_list":{"0":"post-107354","1":"post","2":"type-post","3":"status-publish","4":"format-standard","5":"has-post-thumbnail","7":"category-latvija","8":"tag-aktualitates","9":"tag-breaking-news","10":"tag-breakingnews","11":"tag-featured-news","12":"tag-featurednews","13":"tag-headlines","14":"tag-latest-news","15":"tag-latestnews","16":"tag-latvia","17":"tag-latvian","18":"tag-latviesu","19":"tag-latviesu-valoda","20":"tag-latviesuvaloda","21":"tag-latvija","22":"tag-lv","23":"tag-news","24":"tag-popularakas-zinas","25":"tag-popularakaszinas","26":"tag-top-stories","27":"tag-topstories","28":"tag-zinas"},"share_on_mastodon":{"url":"https:\/\/pubeurope.com\/@lv\/115912338582062292","error":""},"_links":{"self":[{"href":"https:\/\/www.europesays.com\/lv\/wp-json\/wp\/v2\/posts\/107354","targetHints":{"allow":["GET"]}}],"collection":[{"href":"https:\/\/www.europesays.com\/lv\/wp-json\/wp\/v2\/posts"}],"about":[{"href":"https:\/\/www.europesays.com\/lv\/wp-json\/wp\/v2\/types\/post"}],"author":[{"embeddable":true,"href":"https:\/\/www.europesays.com\/lv\/wp-json\/wp\/v2\/users\/2"}],"replies":[{"embeddable":true,"href":"https:\/\/www.europesays.com\/lv\/wp-json\/wp\/v2\/comments?post=107354"}],"version-history":[{"count":0,"href":"https:\/\/www.europesays.com\/lv\/wp-json\/wp\/v2\/posts\/107354\/revisions"}],"wp:featuredmedia":[{"embeddable":true,"href":"https:\/\/www.europesays.com\/lv\/wp-json\/wp\/v2\/media\/107355"}],"wp:attachment":[{"href":"https:\/\/www.europesays.com\/lv\/wp-json\/wp\/v2\/media?parent=107354"}],"wp:term":[{"taxonomy":"category","embeddable":true,"href":"https:\/\/www.europesays.com\/lv\/wp-json\/wp\/v2\/categories?post=107354"},{"taxonomy":"post_tag","embeddable":true,"href":"https:\/\/www.europesays.com\/lv\/wp-json\/wp\/v2\/tags?post=107354"}],"curies":[{"name":"wp","href":"https:\/\/api.w.org\/{rel}","templated":true}]}}