{"id":107359,"date":"2026-01-17T20:35:14","date_gmt":"2026-01-17T20:35:14","guid":{"rendered":"https:\/\/www.europesays.com\/lv\/107359\/"},"modified":"2026-01-17T20:35:14","modified_gmt":"2026-01-17T20:35:14","slug":"krievijas-komandieri-melo-par-sasniegumiem-fronte-lai-ietekmetu-asv-lemumus","status":"publish","type":"post","link":"https:\/\/www.europesays.com\/lv\/107359\/","title":{"rendered":"Krievijas komandieri melo par sasniegumiem front\u0113, lai ietekm\u0113tu ASV l\u0113mumus"},"content":{"rendered":"<p>Krievijas milit\u0101rie komandieri ir par\u0101d\u012bju\u0161i skaidru tendenci publiski izplat\u012bt nepatiesu inform\u0101ciju par kaujas lauku, kas ir da\u013ca no pla\u0161\u0101kiem kognit\u012bv\u0101 kara centieniem ietekm\u0113t <a href=\"https:\/\/www.apollo.lv\/term\/555410\/asv\" class=\"topicLink\" target=\"_blank\" rel=\"nofollow noopener\">ASV<\/a> l\u0113mumu pie\u0146em\u0161anu par notieko\u0161aj\u0101m miera sarun\u0101m, teikts <a href=\"https:\/\/www.apollo.lv\/term\/690319\/isw\" class=\"topicLink\" target=\"_blank\" rel=\"nofollow noopener\">ISW<\/a> zi\u0146ojum\u0101.<\/p>\n<p>Anal\u012bti\u0137i nor\u0101da, ka &#8220;\u0161o Krem\u013ca pazi\u0146ojumu m\u0113r\u0137is ir izplat\u012bt nepatiesu narat\u012bvu, ka Krievijas uzvara Ukrain\u0101 ir neizb\u0113gama, un p\u0101rliecin\u0101t Ukrainu un Rietumus, ka Ukrainai tagad j\u0101pie\u0146em Krievijas pras\u012bbas, baidoties no Krievijas ofens\u012bv\u0101m oper\u0101cij\u0101m vai izr\u0101vieniem n\u0101kotn\u0113&#8221;.<\/p>\n<p>&#8220;Kupjanska ir k\u013cuvusi par \u012bpa\u0161i s\u0101p\u012bgu punktu Krievijas milit\u0101rajiem komandieriem, iesp\u0113jams, t\u0101p\u0113c, ka past\u0101v ba\u017eas, ka realit\u0101te kaujas lauk\u0101 \u0161aj\u0101 rajon\u0101 var\u0113tu iedrag\u0101t narat\u012bvu par Krievijas milit\u0101ro varon\u012bbu, ko cen\u0161as izplat\u012bt Putins un Krievijas augst\u0101k\u0101 milit\u0101r\u0101 vad\u012bba,&#8221; teikts zi\u0146ojum\u0101.<\/p>\n","protected":false},"excerpt":{"rendered":"Krievijas milit\u0101rie komandieri ir par\u0101d\u012bju\u0161i skaidru tendenci publiski izplat\u012bt nepatiesu inform\u0101ciju par kaujas lauku, kas ir da\u013ca no&hellip;\n","protected":false},"author":2,"featured_media":48396,"comment_status":"","ping_status":"","sticky":false,"template":"","format":"standard","meta":{"footnotes":""},"categories":[14],"tags":[23,57,292,28,29,32,33,22,7359,234,74,30,31,35,39,38,36,37,34,40,20,26,27,24,25,276,54,55,56,21,58],"class_list":{"0":"post-107359","1":"post","2":"type-post","3":"status-publish","4":"format-standard","5":"has-post-thumbnail","7":"category-zinas-no-arvalstim","8":"tag-aktualitates","9":"tag-arvalstim","10":"tag-asv","11":"tag-breaking-news","12":"tag-breakingnews","13":"tag-featured-news","14":"tag-featurednews","15":"tag-headlines","16":"tag-isw","17":"tag-krievija","18":"tag-krievijas-iebrukums-ukraina","19":"tag-latest-news","20":"tag-latestnews","21":"tag-latvia","22":"tag-latvian","23":"tag-latviesu","24":"tag-latviesu-valoda","25":"tag-latviesuvaloda","26":"tag-latvija","27":"tag-lv","28":"tag-news","29":"tag-popularakas-zinas","30":"tag-popularakaszinas","31":"tag-top-stories","32":"tag-topstories","33":"tag-ukraina","34":"tag-world","35":"tag-world-news","36":"tag-worldnews","37":"tag-zinas","38":"tag-zinas-no-arvalstim"},"share_on_mastodon":{"url":"https:\/\/pubeurope.com\/@lv\/115912358175460654","error":""},"_links":{"self":[{"href":"https:\/\/www.europesays.com\/lv\/wp-json\/wp\/v2\/posts\/107359","targetHints":{"allow":["GET"]}}],"collection":[{"href":"https:\/\/www.europesays.com\/lv\/wp-json\/wp\/v2\/posts"}],"about":[{"href":"https:\/\/www.europesays.com\/lv\/wp-json\/wp\/v2\/types\/post"}],"author":[{"embeddable":true,"href":"https:\/\/www.europesays.com\/lv\/wp-json\/wp\/v2\/users\/2"}],"replies":[{"embeddable":true,"href":"https:\/\/www.europesays.com\/lv\/wp-json\/wp\/v2\/comments?post=107359"}],"version-history":[{"count":0,"href":"https:\/\/www.europesays.com\/lv\/wp-json\/wp\/v2\/posts\/107359\/revisions"}],"wp:featuredmedia":[{"embeddable":true,"href":"https:\/\/www.europesays.com\/lv\/wp-json\/wp\/v2\/media\/48396"}],"wp:attachment":[{"href":"https:\/\/www.europesays.com\/lv\/wp-json\/wp\/v2\/media?parent=107359"}],"wp:term":[{"taxonomy":"category","embeddable":true,"href":"https:\/\/www.europesays.com\/lv\/wp-json\/wp\/v2\/categories?post=107359"},{"taxonomy":"post_tag","embeddable":true,"href":"https:\/\/www.europesays.com\/lv\/wp-json\/wp\/v2\/tags?post=107359"}],"curies":[{"name":"wp","href":"https:\/\/api.w.org\/{rel}","templated":true}]}}