{"id":107364,"date":"2026-01-17T20:42:07","date_gmt":"2026-01-17T20:42:07","guid":{"rendered":"https:\/\/www.europesays.com\/lv\/107364\/"},"modified":"2026-01-17T20:42:07","modified_gmt":"2026-01-17T20:42:07","slug":"latvija-startes-rupoldinga-rastorgujevs-pirmaja-etapa-lente-lv","status":"publish","type":"post","link":"https:\/\/www.europesays.com\/lv\/107364\/","title":{"rendered":"Latvija start\u0113s R\u016bpolding\u0101, Rastorgujevs pirmaj\u0101 etap\u0101\u00a0\u2014\u00a0Lente.lv"},"content":{"rendered":"<p>P\u0113d\u0113j\u0101 iesp\u0113ja pirms olimpisk\u0101 starta: Latvijas biatlonisti Pasaules kausa stafet\u0113 R\u016bpolding\u0101<\/p>\n<p>\u0160odien, 15. janv\u0101r\u012b, V\u0101cijas pils\u0113t\u0101 R\u016bpolding\u0101 norisin\u0101sies Pasaules kausa biatlona piektais posms, kura centr\u0101lais notikums v\u012brie\u0161u komand\u0101m b\u016bs 4&#215;7,5 kilometru stafetes sacens\u012bbas. \u0160is starts ir noz\u012bm\u012bgs k\u0101 p\u0113d\u0113j\u0101 liel\u0101 p\u0101rbaude pirms 2026. gada ziemas olimpiskaj\u0101m sp\u0113l\u0113m Mil\u0101n\u0101 un Kort\u012bn\u0101 d&#8217;Ampeco. Kopum\u0101 uz starta izies 22 komandas, tostarp ar\u012b Latvijas kvartets, kuram uztic\u0113ts pirmais etaps Andrejam Rastorgujevam. Sacens\u012bbu s\u0101kums paredz\u0113ts pulksten 15:30 p\u0113c Latvijas laika, un t\u0101s tie\u0161raid\u0113 transl\u0113s kan\u0101ls LTV7.<\/p>\n<p>Latvijas sast\u0101vs un cer\u012bbas<\/p>\n<p>Latvijas izlases sast\u0101vs \u0161aj\u0101 stafet\u0113 nav preciz\u0113ts visos etapos, ta\u010du zin\u0101ms, ka pirmais uz starta dosies viens no pieredz\u0113ju\u0161\u0101kajiem Latvijas biatlonistiem Andrejs Rastorgujevs. \u0160is starts ir \u012bpa\u0161i svar\u012bgs Rastorgujevam, kur\u0161 ir iek\u013cauts ar\u012b Latvijas sast\u0101v\u0101 gaid\u0101maj\u0101m olimpiskaj\u0101m sp\u0113l\u0113m. Neskatoties uz to, ka iepriek\u0161\u0113j\u0101s sezon\u0101s Latvijas v\u012brie\u0161u komandas stafet\u0113s nav sp\u0113ju\u0161as iek\u013c\u016bt starp l\u012bder\u0113m, \u0161is starts dod iesp\u0113ju nov\u0113rt\u0113t komandas pa\u0161reiz\u0113jo formu un salied\u0113t\u012bbu pirms olimpisk\u0101 starta. P\u0113d\u0113j\u0101s stafetes sacens\u012bb\u0101s iepriek\u0161\u0113j\u0101 posm\u0101 Oberhof\u0101 Latvijas komanda ierindoj\u0101s 12. viet\u0101, kas tiek uzskat\u012bts par sezonas lab\u0101ko rezult\u0101tu \u0161aj\u0101 discipl\u012bn\u0101.<\/p>\n<p>R\u016bdolinga posms pirms olimpisk\u0101 starta<\/p>\n<p>R\u016bdolinga posms ir viens no tradicion\u0101lajiem un noz\u012bm\u012bg\u0101kajiem Pasaules kausa kalend\u0101r\u0101. Tas kalpo par p\u0113d\u0113jo lielisko iesp\u0113ju biatlonistiem p\u0101rbaud\u012bt savus sp\u0113kus un taktiku sare\u017e\u0123\u012btaj\u0101 tras\u0113 pirms olimpiskaj\u0101m sp\u0113l\u0113m. \u0160ogad posms V\u0101cij\u0101 norisin\u0101s no 14. l\u012bdz 18. janv\u0101rim, un ietver gan sievie\u0161u, gan v\u012brie\u0161u stafetes, sprintus un iedz\u012b\u0161anas distances. \u0160\u012b stafete \u012bpa\u0161i izce\u013cas k\u0101 p\u0113d\u0113j\u0101 iesp\u0113ja komand\u0101m pilnveidot savu sniegumu un gatavoties olimpiskaj\u0101m sacens\u012bb\u0101m, kuras notiks no 6. l\u012bdz 22. febru\u0101rim It\u0101lij\u0101.<\/p>\n<p>Andrejs Rastorgujevs \u2013 Cer\u012bbu balsts<\/p>\n<p>Andrejs Rastorgujevs ir viens no vado\u0161ajiem Latvijas biatlonistiem un vi\u0146a kl\u0101tb\u016btne komand\u0101 ir \u013coti svar\u012bga. Neskatoties uz da\u017e\u0101d\u0101m neveiksm\u0113m un slim\u012bb\u0101m iepriek\u0161\u0113j\u0101s sezon\u0101s, Rastorgujevs ir pier\u0101d\u012bjis savu sp\u0113ju c\u012bn\u012bties un sasniegt augstas vietas, tostarp ar\u012b Pasaules kausa posmos. Vi\u0146a dal\u012bba \u0161aj\u0101 stafet\u0113 un kopum\u0101 starti R\u016bpolding\u0101 sniedz v\u0113rt\u012bgu pieredzi un snieguma r\u0101d\u012bt\u0101ju, kas pal\u012bdz\u0113s nov\u0113rt\u0113t vi\u0146a gatav\u012bbu olimpiskaj\u0101m sp\u0113l\u0113m.<\/p>\n<p>Pasaules kausa sezona un olimpisk\u0101s sp\u0113les<\/p>\n<p>2025.\/2026. gada Pasaules kausa biatlona sezona ir \u012bpa\u0161a, jo t\u0101 kulmin\u0113sies ar 2026. gada ziemas olimpiskaj\u0101m sp\u0113l\u0113m. \u0160is R\u016bdolinga posms ir noz\u012bm\u012bgs k\u0101 p\u0113d\u0113j\u0101 stafete pirms olimpisk\u0101s c\u012b\u0146as, dodot sportistiem iesp\u0113ju demonstr\u0113t savu gatav\u012bbu gan individu\u0101laj\u0101s, gan komandu discipl\u012bn\u0101s. Latvijas Biatlona feder\u0101cija ir apstiprin\u0101jusi sast\u0101vu dal\u012bbai olimpiskaj\u0101s sp\u0113l\u0113s, kur\u0101 iek\u013cauts ar\u012b Rastorgujevs kop\u0101 ar cit\u0101m vado\u0161aj\u0101m Latvijas biatlonist\u0113m un biatlonistiem.<\/p>\n","protected":false},"excerpt":{"rendered":"P\u0113d\u0113j\u0101 iesp\u0113ja pirms olimpisk\u0101 starta: Latvijas biatlonisti Pasaules kausa stafet\u0113 R\u016bpolding\u0101 \u0160odien, 15. janv\u0101r\u012b, V\u0101cijas pils\u0113t\u0101 R\u016bpolding\u0101 norisin\u0101sies&hellip;\n","protected":false},"author":2,"featured_media":107365,"comment_status":"","ping_status":"","sticky":false,"template":"","format":"standard","meta":{"footnotes":""},"categories":[17],"tags":[1498,1499,35,39,38,36,37,34,40,17649,25584,67,16690],"class_list":{"0":"post-107364","1":"post","2":"type-post","3":"status-publish","4":"format-standard","5":"has-post-thumbnail","7":"category-sports","8":"tag-andrejs-rastorgujevs","9":"tag-biatlons","10":"tag-latvia","11":"tag-latvian","12":"tag-latviesu","13":"tag-latviesu-valoda","14":"tag-latviesuvaloda","15":"tag-latvija","16":"tag-lv","17":"tag-pasaules-kauss-biatlona","18":"tag-rudolinga","19":"tag-sports","20":"tag-stafete"},"share_on_mastodon":{"url":"https:\/\/pubeurope.com\/@lv\/115912385700058775","error":""},"_links":{"self":[{"href":"https:\/\/www.europesays.com\/lv\/wp-json\/wp\/v2\/posts\/107364","targetHints":{"allow":["GET"]}}],"collection":[{"href":"https:\/\/www.europesays.com\/lv\/wp-json\/wp\/v2\/posts"}],"about":[{"href":"https:\/\/www.europesays.com\/lv\/wp-json\/wp\/v2\/types\/post"}],"author":[{"embeddable":true,"href":"https:\/\/www.europesays.com\/lv\/wp-json\/wp\/v2\/users\/2"}],"replies":[{"embeddable":true,"href":"https:\/\/www.europesays.com\/lv\/wp-json\/wp\/v2\/comments?post=107364"}],"version-history":[{"count":0,"href":"https:\/\/www.europesays.com\/lv\/wp-json\/wp\/v2\/posts\/107364\/revisions"}],"wp:featuredmedia":[{"embeddable":true,"href":"https:\/\/www.europesays.com\/lv\/wp-json\/wp\/v2\/media\/107365"}],"wp:attachment":[{"href":"https:\/\/www.europesays.com\/lv\/wp-json\/wp\/v2\/media?parent=107364"}],"wp:term":[{"taxonomy":"category","embeddable":true,"href":"https:\/\/www.europesays.com\/lv\/wp-json\/wp\/v2\/categories?post=107364"},{"taxonomy":"post_tag","embeddable":true,"href":"https:\/\/www.europesays.com\/lv\/wp-json\/wp\/v2\/tags?post=107364"}],"curies":[{"name":"wp","href":"https:\/\/api.w.org\/{rel}","templated":true}]}}