{"id":107405,"date":"2026-01-17T22:16:16","date_gmt":"2026-01-17T22:16:16","guid":{"rendered":"https:\/\/www.europesays.com\/lv\/107405\/"},"modified":"2026-01-17T22:16:16","modified_gmt":"2026-01-17T22:16:16","slug":"riga-atzime-barikazu-gadadienu-atvertas-vesturiskas-ekas-un-vakara-lielkoncerts-doma-laukuma-1188-lv","status":"publish","type":"post","link":"https:\/\/www.europesays.com\/lv\/107405\/","title":{"rendered":"R\u012bg\u0101 atz\u012bm\u0113 barik\u0101\u017eu gadadienu \u2013 atv\u0113rtas v\u0113sturisk\u0101s \u0113kas un vakara lielkoncerts Doma laukum\u0101 &#8211; 1188.lv"},"content":{"rendered":"<ol>\n<li><a href=\"https:\/\/news.google.com\/rss\/articles\/CBMiwgFBVV95cUxNLU05NmZLSjJId3Bkb2NJRHBZRVJkX283ZTlMR0J4dFpTU0E3MlJiQlZ5T3ZWT2ZfaDdYSm9DLXhSWTV1TWlnanc0bDVwaGtSd0JSQjdnaE5YVXg0TVVNeGZtUW4wQ2NtT3pyazFrWC1PMWpXNGxNQTdzTlBQenZ3TlJ6cXN3RkpVUHA5SnNRZjlXQW5HVWVPYmppaWF0RWExR0tiX2FtbTR0SHRFSEZhWmp1ZkJqWWtPT2owQ291OXc3UQ?oc=5\" target=\"_blank\" rel=\"nofollow noopener\">R\u012bg\u0101 atz\u012bm\u0113 barik\u0101\u017eu gadadienu \u2013 atv\u0113rtas v\u0113sturisk\u0101s \u0113kas un vakara lielkoncerts Doma laukum\u0101<\/a>&nbsp;&nbsp;1188.lv<\/li>\n<li><a href=\"https:\/\/news.google.com\/rss\/articles\/CBMiZEFVX3lxTE5mTEJmeklob2tiS3VVVXJBX041MmVMWEs1NnJNSjAxZUNjdGdQaW5KQ1JpQzZBRlNYRUtUREZ5dzBtODNhYVJ2N095WWpVYkg2QlhkVjRfNVdwRm5fX2lIM1NGUUE?oc=5\" target=\"_blank\" rel=\"nofollow noopener\">\u201cBarik\u0101d\u0113m 35\u201d pas\u0101kumi<\/a>&nbsp;&nbsp;Kult\u016bras ministrija<\/li>\n<li><a href=\"https:\/\/news.google.com\/rss\/articles\/CBMitAFBVV95cUxPVWh2YVBjYmlQeFZIMmxfR2l4bmVNWlJfalQxV3gxZ1lFRXhxeks5ektGeHNYNWdWNXY2MnYzVVRCN1RkXzlIc0wyeXZVRHdraFF3RzlGTlVsaWZOT0VQRFJrZXEteXFSdTVJc1dWYzFjRWlNUFF4cFpXeW5sRmxuUHA0M2NZRWgwV2NSaE5JTF9hQWRGZ1hMdlVXSTAzNzZKSWYtRjdmNnA4aVBqNWZDNXc0NEo?oc=5\" target=\"_blank\" rel=\"nofollow noopener\">Lielkoncerts \u00ab1991. gada barik\u0101d\u0113m \u2013 35\u00bb Doma laukum\u0101 \/ Raksts<\/a>&nbsp;&nbsp;LSM<\/li>\n<li><a href=\"https:\/\/news.google.com\/rss\/articles\/CBMikgFBVV95cUxPNWJYbVNKc3lXeGRMMm84WE9nUWE2ZUhVT3AxWHZfN1p5SnpRMmh0cFA5dHIwMDhOTnJWblRCeURfemFwZmhMbDkzbDVJVXFGVk94UE9ldGRpdkhQYkt5TFFISlJfQzI4X0RYdzFxZElFb1Z5QTAxMTZJQ3JMTWl6LXhhRm92cDVqeVdmNlJJTUZLUQ?oc=5\" target=\"_blank\" rel=\"nofollow noopener\">Barik\u0101d\u0113m 35: Barik\u0101\u017eu notikumos piedal\u012bj\u0101s ar sviesta nazi<\/a>&nbsp;&nbsp;Delfi<\/li>\n<li><a href=\"https:\/\/news.google.com\/rss\/articles\/CBMinAFBVV95cUxPanlQaTBvM0NiQ3hBZFpxbzNENGRmSW5aWVNpMUpoSEkxMDd5SFl0cTRsN21xeWFNMmxwZ2NrdV9SY25OY2lBc1J1aENfTHc2RjJBX24wRUM2dzZaVkYxcmN3UU9kd0tzUDFuUlg4S0lfajliaEpmdFJ0cDBvZkVsSjNqR3A0WERRcWV0UDVfbjhoWDlTQnZCMEpSTlc?oc=5\" target=\"_blank\" rel=\"nofollow noopener\">\u201cMan taj\u0101 br\u012bd\u012b bija 18 gadu,\u201d Saeimas deput\u0101ts atceras satrauco\u0161o barik\u0101\u017eu laiku<\/a>&nbsp;&nbsp;LA.LV<\/li>\n<\/ol>\n","protected":false},"excerpt":{"rendered":"R\u012bg\u0101 atz\u012bm\u0113 barik\u0101\u017eu gadadienu \u2013 atv\u0113rtas v\u0113sturisk\u0101s \u0113kas un vakara lielkoncerts Doma laukum\u0101&nbsp;&nbsp;1188.lv \u201cBarik\u0101d\u0113m 35\u201d pas\u0101kumi&nbsp;&nbsp;Kult\u016bras ministrija Lielkoncerts&hellip;\n","protected":false},"author":2,"featured_media":107406,"comment_status":"","ping_status":"","sticky":false,"template":"","format":"standard","meta":{"footnotes":""},"categories":[5],"tags":[129,25589,4277,23,28,29,32,33,22,30,31,35,39,38,36,37,34,40,20,26,27,25590,4278,25591,4279,24,25,21],"class_list":{"0":"post-107405","1":"post","2":"type-post","3":"status-publish","4":"format-standard","5":"has-post-thumbnail","7":"category-aktualitates","8":"tag-__typenameadvicekeyword","9":"tag-id2012","10":"tag-id876","11":"tag-aktualitates","12":"tag-breaking-news","13":"tag-breakingnews","14":"tag-featured-news","15":"tag-featurednews","16":"tag-headlines","17":"tag-latest-news","18":"tag-latestnews","19":"tag-latvia","20":"tag-latvian","21":"tag-latviesu","22":"tag-latviesu-valoda","23":"tag-latviesuvaloda","24":"tag-latvija","25":"tag-lv","26":"tag-news","27":"tag-popularakas-zinas","28":"tag-popularakaszinas","29":"tag-slugbarikazu-diena","30":"tag-slugriga","31":"tag-titlebarikazu-diena","32":"tag-titleriga","33":"tag-top-stories","34":"tag-topstories","35":"tag-zinas"},"share_on_mastodon":{"url":"https:\/\/pubeurope.com\/@lv\/115912755267495825","error":""},"_links":{"self":[{"href":"https:\/\/www.europesays.com\/lv\/wp-json\/wp\/v2\/posts\/107405","targetHints":{"allow":["GET"]}}],"collection":[{"href":"https:\/\/www.europesays.com\/lv\/wp-json\/wp\/v2\/posts"}],"about":[{"href":"https:\/\/www.europesays.com\/lv\/wp-json\/wp\/v2\/types\/post"}],"author":[{"embeddable":true,"href":"https:\/\/www.europesays.com\/lv\/wp-json\/wp\/v2\/users\/2"}],"replies":[{"embeddable":true,"href":"https:\/\/www.europesays.com\/lv\/wp-json\/wp\/v2\/comments?post=107405"}],"version-history":[{"count":0,"href":"https:\/\/www.europesays.com\/lv\/wp-json\/wp\/v2\/posts\/107405\/revisions"}],"wp:featuredmedia":[{"embeddable":true,"href":"https:\/\/www.europesays.com\/lv\/wp-json\/wp\/v2\/media\/107406"}],"wp:attachment":[{"href":"https:\/\/www.europesays.com\/lv\/wp-json\/wp\/v2\/media?parent=107405"}],"wp:term":[{"taxonomy":"category","embeddable":true,"href":"https:\/\/www.europesays.com\/lv\/wp-json\/wp\/v2\/categories?post=107405"},{"taxonomy":"post_tag","embeddable":true,"href":"https:\/\/www.europesays.com\/lv\/wp-json\/wp\/v2\/tags?post=107405"}],"curies":[{"name":"wp","href":"https:\/\/api.w.org\/{rel}","templated":true}]}}