{"id":10744,"date":"2025-10-02T16:27:09","date_gmt":"2025-10-02T16:27:09","guid":{"rendered":"https:\/\/www.europesays.com\/lv\/10744\/"},"modified":"2025-10-02T16:27:09","modified_gmt":"2025-10-02T16:27:09","slug":"par-korupciju-aizturetajiem-centraltirgus-darbiniekiem-nepiemero-cietumsodus","status":"publish","type":"post","link":"https:\/\/www.europesays.com\/lv\/10744\/","title":{"rendered":"Par korupciju aiztur\u0113tajiem Centr\u0101ltirgus darbiniekiem nepiem\u0113ro cietumsodus"},"content":{"rendered":"<p>Korupcijas nov\u0113r\u0161anas un apkaro\u0161anas birojs (KNAB) piem\u0113rojis ar br\u012bv\u012bbas at\u0146em\u0161anu nesaist\u012btus dro\u0161\u012bbas l\u012bdzek\u013cus \u0161oned\u0113\u013c aiztur\u0113tajiem R\u012bgas Centr\u0101ltirgus darbiniekiem.<\/p>\n<p>KNAB a\u0123ent\u016brai LETA apliecin\u0101ja, ka \u010detr\u0101m krimin\u0101lproces\u0101 iesaist\u012bt\u0101m person\u0101m, tostarp, abiem R\u012bgas Centr\u0101ltirgus darbiniekiem, ir piem\u0113roti ar br\u012bv\u012bbas at\u0146em\u0161anu nesaist\u012bti dro\u0161\u012bbas l\u012bdzek\u013ci &#8211; noteiktas nodarbo\u0161an\u0101s aizliegums, aizliegums izbraukt no valsts un aizliegums tuvoties noteikt\u0101m person\u0101m. Piektajai personai dro\u0161\u012bbas l\u012bdzek\u013ci nav piem\u0113roti.<\/p>\n<p>KNAB otrdien veica krimin\u0101lprocesu\u0101l\u0101s darb\u012bbas R\u012bgas Centr\u0101ltirg\u016b krimin\u0101lproces\u0101, kuru KNAB s\u0101ka 10.septembr\u012b un kur\u0101 tiek izmekl\u0113ta iesp\u0113jam\u0101 kuku\u013c\u0146em\u0161ana, kuku\u013c\u0146em\u0161anas atbalst\u012b\u0161ana, kuku\u013cdo\u0161ana un prettiesiska labuma pie\u0146em\u0161ana.<\/p>\n<p>KNAB ir aizdomas, ka R\u012bgas Centr\u0101ltirgus amatpersona kop\u0101 ar darbinieku, iesp\u0113jams, pie\u0146\u0113ma no uz\u0146\u0113m\u0113jiem kuku\u013cus un prettiesiskus labumus, lai nodro\u0161in\u0101tu uz\u0146\u0113m\u0113jiem konkr\u0113tas tirdzniec\u012bbas vietas tirg\u016b.<\/p>\n<p>Krimin\u0101lproces\u0101 iesaist\u012btas piecas personas, tostarp, tika aiztur\u0113ts tirgus p\u0101rvald\u012bbas noda\u013cas vad\u012bt\u0101js Vladimirs Kazarinovs un tirgus darbinieks Aldis Liepi\u0146\u0161, k\u0101 ar\u012b tr\u012bs uz\u0146\u0113mumu p\u0101rst\u0101vji.<\/p>\n<p>Korupcijas skand\u0101la d\u0113\u013c no amata atst\u0101din\u0101ta SIA &#8220;R\u012bgas nami&#8221; Nekustamo \u012bpa\u0161umu iznom\u0101\u0161anas un p\u0101rvald\u012bbas departamenta vad\u012bt\u0101ja Agra V\u0101rna. &#8220;R\u012bgas namu&#8221; valdes priek\u0161s\u0113d\u0113t\u0101js Oj\u0101rs Valkers pazi\u0146ojis, ka V\u0101rna nav starp aiztur\u0113tajiem un vi\u0146as iesp\u0113jam\u0101 atbild\u012bba tiks izv\u0113rt\u0113ta. Vi\u0146a atst\u0101din\u0101ta uz izmekl\u0113\u0161anas laiku.<\/p>\n<p>A\u0123ent\u016bras LETA arh\u012bvs liecina, ka \u0161\u012b nav pirm\u0101 reize, kad atkl\u0101jusies korupcija R\u012bgas Centr\u0101ltirg\u016b. Pirms vair\u0101kiem gadiem jau tika konstat\u0113tas nelikum\u012bg\u0101s darb\u012bbas saist\u012bb\u0101 ar maksu par tirdzniec\u012bbas viet\u0101m. 2023.gada nogal\u0113 pirm\u0101s instances tiesa vair\u0101k\u0101m biju\u0161aj\u0101m AS &#8220;R\u012bgas Centr\u0101ltirgus&#8221; amatperson\u0101m un darbiniekiem par piesavin\u0101\u0161anos un dienesta st\u0101vok\u013ca \u013caunpr\u0101t\u012bgu izmanto\u0161anu piespriedusi re\u0101lu un nosac\u012btu br\u012bv\u012bbas at\u0146em\u0161anu.<\/p>\n<p><img decoding=\"async\" src=\"https:\/\/www.europesays.com\/lv\/wp-content\/uploads\/2025\/10\/70a991fc5259e73155d7e7c119c7882f.jpg\" title=\"R\u012bgas Centr\u0101ltirgus. Foto: Zane Bitere\/LETA\" alt=\"R\u012bgas Centr\u0101ltirgus. Foto: Zane Bitere\/LETA\"\/><\/p>\n<p class=\"article-img-desc\">R\u012bgas Centr\u0101ltirgus. Foto: Zane Bitere\/LETA<\/p>\n","protected":false},"excerpt":{"rendered":"Korupcijas nov\u0113r\u0161anas un apkaro\u0161anas birojs (KNAB) piem\u0113rojis ar br\u012bv\u012bbas at\u0146em\u0161anu nesaist\u012btus dro\u0161\u012bbas l\u012bdzek\u013cus \u0161oned\u0113\u013c aiztur\u0113tajiem R\u012bgas Centr\u0101ltirgus darbiniekiem.&hellip;\n","protected":false},"author":2,"featured_media":10745,"comment_status":"","ping_status":"","sticky":false,"template":"","format":"standard","meta":{"footnotes":""},"categories":[12],"tags":[129,3697,4031,4034,23,28,29,32,33,22,30,31,35,39,38,36,37,34,40,20,26,27,3698,4032,4035,3699,4033,4036,24,25,21],"class_list":{"0":"post-10744","1":"post","2":"type-post","3":"status-publish","4":"format-standard","5":"has-post-thumbnail","7":"category-latvija","8":"tag-__typenameadvicekeyword","9":"tag-id1184","10":"tag-id638","11":"tag-id993","12":"tag-aktualitates","13":"tag-breaking-news","14":"tag-breakingnews","15":"tag-featured-news","16":"tag-featurednews","17":"tag-headlines","18":"tag-latest-news","19":"tag-latestnews","20":"tag-latvia","21":"tag-latvian","22":"tag-latviesu","23":"tag-latviesu-valoda","24":"tag-latviesuvaloda","25":"tag-latvija","26":"tag-lv","27":"tag-news","28":"tag-popularakas-zinas","29":"tag-popularakaszinas","30":"tag-slugkorupcija","31":"tag-slugkorupcijas-noversanas-un-apkarosanas-birojs-knab","32":"tag-slugrigas-centraltirgus","33":"tag-titlekorupcija","34":"tag-titlekorupcijas-noversanas-un-apkarosanas-birojs-knab","35":"tag-titlerigas-centraltirgus","36":"tag-top-stories","37":"tag-topstories","38":"tag-zinas"},"share_on_mastodon":{"url":"","error":""},"_links":{"self":[{"href":"https:\/\/www.europesays.com\/lv\/wp-json\/wp\/v2\/posts\/10744","targetHints":{"allow":["GET"]}}],"collection":[{"href":"https:\/\/www.europesays.com\/lv\/wp-json\/wp\/v2\/posts"}],"about":[{"href":"https:\/\/www.europesays.com\/lv\/wp-json\/wp\/v2\/types\/post"}],"author":[{"embeddable":true,"href":"https:\/\/www.europesays.com\/lv\/wp-json\/wp\/v2\/users\/2"}],"replies":[{"embeddable":true,"href":"https:\/\/www.europesays.com\/lv\/wp-json\/wp\/v2\/comments?post=10744"}],"version-history":[{"count":0,"href":"https:\/\/www.europesays.com\/lv\/wp-json\/wp\/v2\/posts\/10744\/revisions"}],"wp:featuredmedia":[{"embeddable":true,"href":"https:\/\/www.europesays.com\/lv\/wp-json\/wp\/v2\/media\/10745"}],"wp:attachment":[{"href":"https:\/\/www.europesays.com\/lv\/wp-json\/wp\/v2\/media?parent=10744"}],"wp:term":[{"taxonomy":"category","embeddable":true,"href":"https:\/\/www.europesays.com\/lv\/wp-json\/wp\/v2\/categories?post=10744"},{"taxonomy":"post_tag","embeddable":true,"href":"https:\/\/www.europesays.com\/lv\/wp-json\/wp\/v2\/tags?post=10744"}],"curies":[{"name":"wp","href":"https:\/\/api.w.org\/{rel}","templated":true}]}}