{"id":107441,"date":"2026-01-18T00:29:13","date_gmt":"2026-01-18T00:29:13","guid":{"rendered":"https:\/\/www.europesays.com\/lv\/107441\/"},"modified":"2026-01-18T00:29:13","modified_gmt":"2026-01-18T00:29:13","slug":"emilija-ratajkovska-uzkarse-fanus-ar-provokativam-fotografijam-sarkana-apaksvela-lente-lv","status":"publish","type":"post","link":"https:\/\/www.europesays.com\/lv\/107441\/","title":{"rendered":"Em\u012blija Ratajkovska uzkars\u0113 fanus ar provokat\u012bv\u0101m fotogr\u0101fij\u0101m sarkan\u0101 apak\u0161ve\u013c\u0101\u00a0\u2014\u00a0Lente.lv"},"content":{"rendered":"<p>Modele demonstr\u0113 sevi jaun\u0101kaj\u0101 fotosesij\u0101<\/p>\n<p>Popul\u0101rais modes modelis Em\u012blija Ratajkovska atkal ir sa\u0146\u0113musi uzman\u012bbu no saviem faniem, public\u0113jot jaunas, kaisl\u012bgas fotogr\u0101fijas. K\u0101 zi\u0146o telekan\u0101ls TV3, 34 gadus vec\u0101 skaistule \u0161oreiz poz\u0113jusi sarkan\u0101 me\u017e\u0123\u012b\u0146u apak\u0161ve\u013c\u0101 un ze\u0137tur\u012b, radot \u013coti juteklisku un provokat\u012bvu t\u0113lu.<\/p>\n<p>Fotogr\u0101fijas, kur\u0101s Ratajkovska redzama, fotograf\u0113jot savu atspulgu spogul\u012b, ir izrais\u012bju\u0161as pla\u0161u saj\u016bsmu soci\u0101lajos medijos. Vi\u0146as drosm\u012bgais un pa\u0161p\u0101rliecin\u0101tais stils vienm\u0113r ir piesaist\u012bjis uzman\u012bbu, un \u0161is jaun\u0101kais ievietojums nav iz\u0146\u0113mums.<\/p>\n<p>Ratajkovskas karjera un publicit\u0101te<\/p>\n<p>Em\u012blija Ratajkovska ir starptautiski atz\u012bts modelis, kura karjera s\u0101k\u0101s 2012. gad\u0101. Vi\u0146a ir paz\u012bstama ar savu drosmi un atkl\u0101t\u012bbu, bie\u017ei daloties ar saviem sekot\u0101jiem int\u012bmos un personiskos br\u012b\u017eos. Modele nav attur\u0113jusies ar\u012b no piln\u012bgi kailu fotogr\u0101fiju public\u0113\u0161anas, k\u0101 ar\u012b poz\u0113jot savam v\u012bram, demonstr\u0113jot savu \u0137ermeni bez jebk\u0101diem aizspriedumiem.<\/p>\n<p>Vi\u0146as akt\u012bv\u0101 kl\u0101tb\u016btne soci\u0101lajos t\u012bklos, \u012bpa\u0161i Instagram, ir veicin\u0101jusi vi\u0146as popularit\u0101ti un \u013c\u0101vusi uztur\u0113t cie\u0161u saikni ar faniem vis\u0101 pasaul\u0113. Ratajkovska bie\u017ei ir mediju uzman\u012bbas centr\u0101 gan savu profesion\u0101lo sasniegumu, gan person\u012bg\u0101s dz\u012bves d\u0113\u013c.<\/p>\n<p>Modele bie\u017ei public\u0113 atkl\u0101tas fotogr\u0101fijas<\/p>\n<p>Ratajkovska ir radusi savus fanus pie atkl\u0101tiem un jutekliskiem att\u0113liem, ko vi\u0146a regul\u0101ri public\u0113 savos soci\u0101lo mediju profilos. Lai gan vi\u0146a nesen atradusies Adrijas j\u016bras krast\u0101 un dal\u012bjusies ar fotogr\u0101fij\u0101m bikini, \u0161oreiz vi\u0146a izv\u0113l\u0113jusies v\u0113l drosm\u012bg\u0101ku t\u0113lu, kas izce\u013c vi\u0146as fig\u016bras aprises.<\/p>\n<p>Modele nav tikai paz\u012bstama ar savu darbu modes industrij\u0101, bet ar\u012b ar savu nost\u0101ju da\u017e\u0101dos jaut\u0101jumos. Iepriek\u0161 vi\u0146a ir aps\u016bdz\u0113jusi fotogr\u0101fu seksu\u0101l\u0101 uzm\u0101k\u0161an\u0101s, uz ko vi\u0146a nor\u0101d\u012bja gar\u0101 esej\u0101, ko uzrakst\u012bja \u017eurn\u0101lam \u201cNew York\u201d. \u0160is gad\u012bjums atspogu\u013co vi\u0146as gatav\u012bbu publiski run\u0101t par svar\u012bgiem un sare\u017e\u0123\u012btiem jaut\u0101jumiem.<\/p>\n<p>Fanu reakcija un publicit\u0101te<\/p>\n<p>K\u0101 jau ierasts, Ratajkovskas jaun\u0101k\u0101s fotogr\u0101fijas ir izrais\u012bju\u0161as pla\u0161u fanu saj\u016bsmu un koment\u0101rus. Fani steidz\u0101s slav\u0113t vi\u0146as skaistumu un pa\u0161p\u0101rliecin\u0101t\u012bbu, apvienojot \u0161o atkl\u0101jumu ar iepriek\u0161\u0113jiem vi\u0146as public\u0113tajiem att\u0113liem, kas bie\u017ei vien neatst\u0101j neko izt\u0113lei.<\/p>\n<p>Modele ir prata izmantot soci\u0101los medijus k\u0101 platformu savas karjeras att\u012bst\u012bbai un savu person\u012bgo v\u0113st\u012bjumu pau\u0161anai. Vi\u0146as sp\u0113ja rad\u012bt un uztur\u0113t interesi ap savu personu liecina par vi\u0146as lielo ietekmi izklaides un modes industrij\u0101.<\/p>\n","protected":false},"excerpt":{"rendered":"Modele demonstr\u0113 sevi jaun\u0101kaj\u0101 fotosesij\u0101 Popul\u0101rais modes modelis Em\u012blija Ratajkovska atkal ir sa\u0146\u0113musi uzman\u012bbu no saviem faniem, public\u0113jot&hellip;\n","protected":false},"author":2,"featured_media":107442,"comment_status":"","ping_status":"","sticky":false,"template":"","format":"standard","meta":{"footnotes":""},"categories":[19],"tags":[25596,25595,89,6574,25597,90,35,39,38,36,37,34,40,182],"class_list":{"0":"post-107441","1":"post","2":"type-post","3":"status-publish","4":"format-standard","5":"has-post-thumbnail","7":"category-izklaide","8":"tag-apaksvela","9":"tag-emilija-ratajkovska","10":"tag-entertainment","11":"tag-fani","12":"tag-fotografijas","13":"tag-izklaide","14":"tag-latvia","15":"tag-latvian","16":"tag-latviesu","17":"tag-latviesu-valoda","18":"tag-latviesuvaloda","19":"tag-latvija","20":"tag-lv","21":"tag-modele"},"share_on_mastodon":{"url":"https:\/\/pubeurope.com\/@lv\/115913278419944243","error":""},"_links":{"self":[{"href":"https:\/\/www.europesays.com\/lv\/wp-json\/wp\/v2\/posts\/107441","targetHints":{"allow":["GET"]}}],"collection":[{"href":"https:\/\/www.europesays.com\/lv\/wp-json\/wp\/v2\/posts"}],"about":[{"href":"https:\/\/www.europesays.com\/lv\/wp-json\/wp\/v2\/types\/post"}],"author":[{"embeddable":true,"href":"https:\/\/www.europesays.com\/lv\/wp-json\/wp\/v2\/users\/2"}],"replies":[{"embeddable":true,"href":"https:\/\/www.europesays.com\/lv\/wp-json\/wp\/v2\/comments?post=107441"}],"version-history":[{"count":0,"href":"https:\/\/www.europesays.com\/lv\/wp-json\/wp\/v2\/posts\/107441\/revisions"}],"wp:featuredmedia":[{"embeddable":true,"href":"https:\/\/www.europesays.com\/lv\/wp-json\/wp\/v2\/media\/107442"}],"wp:attachment":[{"href":"https:\/\/www.europesays.com\/lv\/wp-json\/wp\/v2\/media?parent=107441"}],"wp:term":[{"taxonomy":"category","embeddable":true,"href":"https:\/\/www.europesays.com\/lv\/wp-json\/wp\/v2\/categories?post=107441"},{"taxonomy":"post_tag","embeddable":true,"href":"https:\/\/www.europesays.com\/lv\/wp-json\/wp\/v2\/tags?post=107441"}],"curies":[{"name":"wp","href":"https:\/\/api.w.org\/{rel}","templated":true}]}}