{"id":10749,"date":"2025-10-02T16:34:08","date_gmt":"2025-10-02T16:34:08","guid":{"rendered":"https:\/\/www.europesays.com\/lv\/10749\/"},"modified":"2025-10-02T16:34:08","modified_gmt":"2025-10-02T16:34:08","slug":"video-%e2%9f%a9-meitenes-brauca-pilna-atruma-aculiecinieks-stasta-par-tragediju-pie-imantas-dzelzcela-stacijas","status":"publish","type":"post","link":"https:\/\/www.europesays.com\/lv\/10749\/","title":{"rendered":"VIDEO \u27e9 &#8220;Meitenes brauca piln\u0101 \u0101trum\u0101&#8230;&#8221; Aculiecinieks st\u0101sta par tra\u0123\u0113diju pie Imantas dzelzce\u013ca stacijas"},"content":{"rendered":"<p>R\u012bgas m\u0113rs prasa PTAC izv\u0113rt\u0113t iesp\u0113ju iz\u0146emt &#8220;Ride Mobility&#8221; braucamr\u012bkus no aprites<\/p>\n<p>R\u012bgas m\u0113rs Viesturs Kleinbergs (P) v\u0113rsies Pat\u0113r\u0113t\u0101ju ties\u012bbu aizsardz\u012bbas centr\u0101 ar l\u016bgumu izv\u0113rt\u0113t iesp\u0113ju iz\u0146emt &#8220;Ride Mobility&#8221; braucamr\u012bkus no aprites.<\/p>\n<p>K\u0101 preses konferenc\u0113 teica Kleinbergs, ja \u0161ie braucamie tiktu klasific\u0113ti k\u0101 mop\u0113di, tad b\u0113rni tos izmantot nedr\u012bkst\u0113tu un to lietot\u0101jiem b\u016btu nepiecie\u0161ams ieg\u016bt vad\u012bt\u0101ja apliec\u012bbu.<\/p>\n<p>L\u012bdz ar to, ja &#8220;Ride Mobility&#8221; l\u012bdz \u0161im neb\u016btu tik agres\u012bvi iest\u0101jies par to, ka vi\u0146u nom\u0101 pieejamie braucamr\u012bki ir nevis mop\u0113di bet pa\u0161g\u0101j\u0113jvelosip\u0113di, \u0161\u012b tra\u0123\u0113dija neb\u016btu notikusi, p\u0101rliecin\u0101ts R\u012bgas m\u0113rs.<\/p>\n<p>Kleinbergs aicin\u0101ja uz\u0146\u0113m\u0113jus, &#8211; ja vi\u0146i v\u0113las pasarg\u0101t b\u0113rnu dz\u012bv\u012bbas, aizv\u0101kt \u0161os braucamos no iel\u0101m.<\/p>\n<p>M\u0113rs ar\u012b uzdevis \u0100rtelpas un mobilit\u0101tes departamentam apsekot visas g\u0101j\u0113ju p\u0101rejas p\u0101ri dzelzce\u013cam un rast risin\u0101jumus, lai uzlabotu dro\u0161\u012bbu, piem\u0113ram, ier\u012bkojot barjeras, kas ne\u013cauj viegli \u0161\u0137\u0113rsot sliedes.<\/p>\n<p>M\u0113rs n\u0101kamned\u0113\u013c pl\u0101no doties uz Saeimas Tautsaimniec\u012bbas, agr\u0101r\u0101s, vides un re\u0123ion\u0101l\u0101s politikas komisiju, lai iesniegtu groz\u012bjumus Ce\u013cu satiksmes likum\u0101, kas nosaka aizliegumu \u0161\u0101diem transportl\u012bddzek\u013ciem p\u0101rvietoties pa ietv\u0113m. Groz\u012bjumi tika gatavoti kop\u0101 ar ministriju, un bija pl\u0101nots tos virz\u012bt izskat\u012b\u0161anai Saeim\u0101 caur vald\u012bbu. Ta\u010du tagad tas tiks dar\u012bt bez vald\u012bbas iesaistes, caur Saeimas komisiju.<\/p>\n<p>Kleinbergs gan atzina, ka min\u0113tie groz\u012bjumi likum\u0101 konkr\u0113taj\u0101 tra\u0123\u0113dij\u0101 neb\u016btu pasarg\u0101ju\u0161i b\u0113rnus, jo b\u0113rni p\u0101rvietoj\u0101s pa ielas braucamo da\u013cu.<\/p>\n<p>R\u012bgas Pa\u0161vald\u012bbas policijas priek\u0161nieka vietnieks Andrejs Aronovs preses konferenc\u0113 inform\u0113ja, ka konkr\u0113tais braucamr\u012bks bija piere\u0123istr\u0113ts k\u0101 velosip\u0113ds, l\u012bdz ar to nekas neliedz jaunie\u0161iem ar to braukt.<\/p>\n<p>Kopum\u0101 \u0161ogad R\u012bgas Pa\u0161vald\u012bbas policija fiks\u0113jusi 149 p\u0101rk\u0101pumus, kurus ir veiku\u0161i mikromobilit\u0101tes r\u012bku lietot\u0101ji. Taj\u0101 skait\u0101 ir ne tikai gad\u012bjumi, kad braucamos izmanto nepilngad\u012bgie, bet ar\u012b da\u017e\u0101di citi satiksmes p\u0101rk\u0101pumi.<\/p>\n<p>R\u012bgas m\u0113rs izteica l\u012bdzj\u016bt\u012bbu boj\u0101g\u0101ju\u0161o meite\u0146u tuviniekiem.<\/p>\n","protected":false},"excerpt":{"rendered":"R\u012bgas m\u0113rs prasa PTAC izv\u0113rt\u0113t iesp\u0113ju iz\u0146emt &#8220;Ride Mobility&#8221; braucamr\u012bkus no aprites R\u012bgas m\u0113rs Viesturs Kleinbergs (P) v\u0113rsies&hellip;\n","protected":false},"author":2,"featured_media":10750,"comment_status":"","ping_status":"","sticky":false,"template":"","format":"standard","meta":{"footnotes":""},"categories":[5],"tags":[23,28,29,1810,4038,1809,32,33,22,4037,30,31,35,39,38,36,37,34,40,20,3938,26,27,24,25,21],"class_list":{"0":"post-10749","1":"post","2":"type-post","3":"status-publish","4":"format-standard","5":"has-post-thumbnail","7":"category-aktualitates","8":"tag-aktualitates","9":"tag-breaking-news","10":"tag-breakingnews","11":"tag-dzelzcela-satiksme","12":"tag-dzelzcela-stacija","13":"tag-dzelzcels","14":"tag-featured-news","15":"tag-featurednews","16":"tag-headlines","17":"tag-imanta","18":"tag-latest-news","19":"tag-latestnews","20":"tag-latvia","21":"tag-latvian","22":"tag-latviesu","23":"tag-latviesu-valoda","24":"tag-latviesuvaloda","25":"tag-latvija","26":"tag-lv","27":"tag-news","28":"tag-nmpd","29":"tag-popularakas-zinas","30":"tag-popularakaszinas","31":"tag-top-stories","32":"tag-topstories","33":"tag-zinas"},"share_on_mastodon":{"url":"","error":""},"_links":{"self":[{"href":"https:\/\/www.europesays.com\/lv\/wp-json\/wp\/v2\/posts\/10749","targetHints":{"allow":["GET"]}}],"collection":[{"href":"https:\/\/www.europesays.com\/lv\/wp-json\/wp\/v2\/posts"}],"about":[{"href":"https:\/\/www.europesays.com\/lv\/wp-json\/wp\/v2\/types\/post"}],"author":[{"embeddable":true,"href":"https:\/\/www.europesays.com\/lv\/wp-json\/wp\/v2\/users\/2"}],"replies":[{"embeddable":true,"href":"https:\/\/www.europesays.com\/lv\/wp-json\/wp\/v2\/comments?post=10749"}],"version-history":[{"count":0,"href":"https:\/\/www.europesays.com\/lv\/wp-json\/wp\/v2\/posts\/10749\/revisions"}],"wp:featuredmedia":[{"embeddable":true,"href":"https:\/\/www.europesays.com\/lv\/wp-json\/wp\/v2\/media\/10750"}],"wp:attachment":[{"href":"https:\/\/www.europesays.com\/lv\/wp-json\/wp\/v2\/media?parent=10749"}],"wp:term":[{"taxonomy":"category","embeddable":true,"href":"https:\/\/www.europesays.com\/lv\/wp-json\/wp\/v2\/categories?post=10749"},{"taxonomy":"post_tag","embeddable":true,"href":"https:\/\/www.europesays.com\/lv\/wp-json\/wp\/v2\/tags?post=10749"}],"curies":[{"name":"wp","href":"https:\/\/api.w.org\/{rel}","templated":true}]}}