{"id":107530,"date":"2026-01-18T06:51:09","date_gmt":"2026-01-18T06:51:09","guid":{"rendered":"https:\/\/www.europesays.com\/lv\/107530\/"},"modified":"2026-01-18T06:51:09","modified_gmt":"2026-01-18T06:51:09","slug":"ep-deputati-spriedis-par-atbildi-trampa-pazinojumiem-par-grenlandi","status":"publish","type":"post","link":"https:\/\/www.europesays.com\/lv\/107530\/","title":{"rendered":"EP deput\u0101ti spried\u012bs par atbildi Trampa pazi\u0146ojumiem par Grenlandi"},"content":{"rendered":"<p>Eiropas valstu vald\u012bbas noraid\u012bja ASV pl\u0101nus ieg\u0101d\u0101ties Grenlandi, br\u012bdinot, ka tas apdraud\u0113tu suverenit\u0101ti, NATO vienot\u012bbu un transatlantisko dro\u0161\u012bbu.<\/p>\n<p>Vair\u0101kas ES vald\u012bbas, ar\u012b D\u0101nija, ir pazi\u0146oju\u0161as, ka l\u0113mumi par Grenlandes statusu ir tikai D\u0101nijas un Grenlandes p\u0101rzi\u0146\u0101. T\u0101s uzsv\u0113ru\u0161as kolekt\u012bvas, NATO vad\u012btas Arktikas dro\u0161\u012bbas noz\u012bmi un br\u012bdin\u0101ju\u0161as par vienpus\u0113j\u0101m darb\u012bb\u0101m, kas var\u0113tu kait\u0113t sabiedroto attiec\u012bb\u0101m un re\u0123ion\u0101lajai stabilit\u0101tei. D\u0101nija un Grenlande atk\u0101rtoti uzsv\u0113ru\u0161as, ka Grenlandi nevar p\u0101rdot, t\u0101 viet\u0101 aicinot uz sadarb\u012bbu.<\/p>\n<p>Grenlande ir autonoma D\u0101nijas teritorija. 1951. gad\u0101 Va\u0161ingtona un Kopenh\u0101gena papildus NATO alianses saist\u012bb\u0101m parakst\u012bja aizsardz\u012bbas l\u012bgumu. Saska\u0146\u0101 ar \u0161o l\u012bgumu ASV ap\u0146\u0113m\u0101s aizsarg\u0101t salu no iesp\u0113jamas agresijas. Patlaban ASV bru\u0146otie sp\u0113ki Grenland\u0113 atrodas tikai Pitufikas b\u0101z\u0113.<\/p>\n<p>ASV prezidents iepriek\u0161 pazi\u0146oja, ka ASV kontrole p\u0101r Grenlandi ir vit\u0101li nepiecie\u0161ama, lai \u012bstenotu vi\u0146a ieceri izveidot pretgaisa un pretra\u0137e\u0161u aizsardz\u012bbas sist\u0113mu &#8220;Zelta kupols&#8221;.<\/p>\n<p>Sestdien Tramps soci\u0101lajos t\u012bklos pazi\u0146oja par 10% muitas tarifu noteik\u0161anu vair\u0101k\u0101m Eiropas valst\u012bm un piedraud\u0113ja to paaugstin\u0101t l\u012bdz pat 25%, kam\u0113r netiks pan\u0101kta vieno\u0161an\u0101s par Grenlandes p\u0101r\u0146em\u0161anu.<\/p>\n<p>No 1. febru\u0101ra D\u0101nijai, Francijai, Lielbrit\u0101nijai, N\u012bderlandei, Norv\u0113\u0123ijai, Somijai, Zviedrijai un V\u0101cijai tik\u0161ot piem\u0113rots 10% tarifs vis\u0101m prec\u0113m, kas tiek s\u016bt\u012btas uz ASV, apgalvoja Tramps.<\/p>\n<p>Eiropas l\u012bderi noraid\u012bju\u0161i Trampa draudus, uzsverot, ka Eiropa ne\u013caus sevi iebied\u0113t.<\/p>\n","protected":false},"excerpt":{"rendered":"Eiropas valstu vald\u012bbas noraid\u012bja ASV pl\u0101nus ieg\u0101d\u0101ties Grenlandi, br\u012bdinot, ka tas apdraud\u0113tu suverenit\u0101ti, NATO vienot\u012bbu un transatlantisko dro\u0161\u012bbu.&hellip;\n","protected":false},"author":2,"featured_media":107531,"comment_status":"","ping_status":"","sticky":false,"template":"","format":"standard","meta":{"footnotes":""},"categories":[14],"tags":[23,57,28,29,5688,514,32,33,22,30,31,35,39,38,36,37,34,40,20,26,27,24,25,54,55,56,21,58],"class_list":{"0":"post-107530","1":"post","2":"type-post","3":"status-publish","4":"format-standard","5":"has-post-thumbnail","7":"category-zinas-no-arvalstim","8":"tag-aktualitates","9":"tag-arvalstim","10":"tag-breaking-news","11":"tag-breakingnews","12":"tag-eiropas-parlaments","13":"tag-eiropas-savieniba","14":"tag-featured-news","15":"tag-featurednews","16":"tag-headlines","17":"tag-latest-news","18":"tag-latestnews","19":"tag-latvia","20":"tag-latvian","21":"tag-latviesu","22":"tag-latviesu-valoda","23":"tag-latviesuvaloda","24":"tag-latvija","25":"tag-lv","26":"tag-news","27":"tag-popularakas-zinas","28":"tag-popularakaszinas","29":"tag-top-stories","30":"tag-topstories","31":"tag-world","32":"tag-world-news","33":"tag-worldnews","34":"tag-zinas","35":"tag-zinas-no-arvalstim"},"share_on_mastodon":{"url":"https:\/\/pubeurope.com\/@lv\/115914780409497735","error":""},"_links":{"self":[{"href":"https:\/\/www.europesays.com\/lv\/wp-json\/wp\/v2\/posts\/107530","targetHints":{"allow":["GET"]}}],"collection":[{"href":"https:\/\/www.europesays.com\/lv\/wp-json\/wp\/v2\/posts"}],"about":[{"href":"https:\/\/www.europesays.com\/lv\/wp-json\/wp\/v2\/types\/post"}],"author":[{"embeddable":true,"href":"https:\/\/www.europesays.com\/lv\/wp-json\/wp\/v2\/users\/2"}],"replies":[{"embeddable":true,"href":"https:\/\/www.europesays.com\/lv\/wp-json\/wp\/v2\/comments?post=107530"}],"version-history":[{"count":0,"href":"https:\/\/www.europesays.com\/lv\/wp-json\/wp\/v2\/posts\/107530\/revisions"}],"wp:featuredmedia":[{"embeddable":true,"href":"https:\/\/www.europesays.com\/lv\/wp-json\/wp\/v2\/media\/107531"}],"wp:attachment":[{"href":"https:\/\/www.europesays.com\/lv\/wp-json\/wp\/v2\/media?parent=107530"}],"wp:term":[{"taxonomy":"category","embeddable":true,"href":"https:\/\/www.europesays.com\/lv\/wp-json\/wp\/v2\/categories?post=107530"},{"taxonomy":"post_tag","embeddable":true,"href":"https:\/\/www.europesays.com\/lv\/wp-json\/wp\/v2\/tags?post=107530"}],"curies":[{"name":"wp","href":"https:\/\/api.w.org\/{rel}","templated":true}]}}