{"id":107532,"date":"2026-01-18T06:52:07","date_gmt":"2026-01-18T06:52:07","guid":{"rendered":"https:\/\/www.europesays.com\/lv\/107532\/"},"modified":"2026-01-18T06:52:07","modified_gmt":"2026-01-18T06:52:07","slug":"svetdien-gaidams-saulains-laiks","status":"publish","type":"post","link":"https:\/\/www.europesays.com\/lv\/107532\/","title":{"rendered":"Sv\u0113tdien gaid\u0101ms saulains laiks"},"content":{"rendered":"<p>Diena paies bez nokri\u0161\u0146iem. P\u016b\u0161ot l\u0113nam v\u0113jam, maksim\u0101l\u0101 gaisa temperat\u016bra sv\u0101rst\u012bsies -5..-10 gr\u0101du robe\u017e\u0101s &#8211; augst\u0101k termometra stabi\u0146\u0161 pak\u0101psies Kurzem\u0113 un Vidzemes piekrast\u0113, bet aukst\u0101ks b\u016bs p\u0101r\u0113j\u0101 Latvij\u0101.<\/p>\n<p>R\u012bg\u0101 ned\u0113\u013cas vien\u012bgaj\u0101 ofici\u0101laj\u0101 \u0161\u012bs ned\u0113\u013cas br\u012bvdien\u0101 b\u016bs saulains un sauss laiks. Galvaspils\u0113t\u0101 gaisa temperat\u016bra paaugstin\u0101sies l\u012bdz -7..-9 gr\u0101diem.<\/p>\n<p>N\u0101kam\u0101s ned\u0113\u013cas s\u0101kum\u0101 saglab\u0101sies zema gaisa temperat\u016bra, ta\u010du ned\u0113\u013cas vid\u016b gaiss iesils, temperat\u016brai gan joproj\u0101m saglab\u0101joties zem 0 gr\u0101du atz\u012bmes. Laika apst\u0101k\u013cus ietekm\u0113s pla\u0161s anticiklons, t\u0101d\u0113\u013c iev\u0113rojami nokri\u0161\u0146i nav gaid\u0101mi un sniega segas biezums b\u016btiski nepalielin\u0101sies.<\/p>\n","protected":false},"excerpt":{"rendered":"Diena paies bez nokri\u0161\u0146iem. P\u016b\u0161ot l\u0113nam v\u0113jam, maksim\u0101l\u0101 gaisa temperat\u016bra sv\u0101rst\u012bsies -5..-10 gr\u0101du robe\u017e\u0101s &#8211; augst\u0101k termometra stabi\u0146\u0161&hellip;\n","protected":false},"author":2,"featured_media":107533,"comment_status":"","ping_status":"","sticky":false,"template":"","format":"standard","meta":{"footnotes":""},"categories":[12],"tags":[23,28,29,32,33,22,1811,396,397,30,31,35,39,38,36,37,34,40,20,26,27,24,25,21],"class_list":{"0":"post-107532","1":"post","2":"type-post","3":"status-publish","4":"format-standard","5":"has-post-thumbnail","7":"category-latvija","8":"tag-aktualitates","9":"tag-breaking-news","10":"tag-breakingnews","11":"tag-featured-news","12":"tag-featurednews","13":"tag-headlines","14":"tag-laika-zina","15":"tag-laika-zinas","16":"tag-laikapstakli","17":"tag-latest-news","18":"tag-latestnews","19":"tag-latvia","20":"tag-latvian","21":"tag-latviesu","22":"tag-latviesu-valoda","23":"tag-latviesuvaloda","24":"tag-latvija","25":"tag-lv","26":"tag-news","27":"tag-popularakas-zinas","28":"tag-popularakaszinas","29":"tag-top-stories","30":"tag-topstories","31":"tag-zinas"},"share_on_mastodon":{"url":"https:\/\/pubeurope.com\/@lv\/115914784340627354","error":""},"_links":{"self":[{"href":"https:\/\/www.europesays.com\/lv\/wp-json\/wp\/v2\/posts\/107532","targetHints":{"allow":["GET"]}}],"collection":[{"href":"https:\/\/www.europesays.com\/lv\/wp-json\/wp\/v2\/posts"}],"about":[{"href":"https:\/\/www.europesays.com\/lv\/wp-json\/wp\/v2\/types\/post"}],"author":[{"embeddable":true,"href":"https:\/\/www.europesays.com\/lv\/wp-json\/wp\/v2\/users\/2"}],"replies":[{"embeddable":true,"href":"https:\/\/www.europesays.com\/lv\/wp-json\/wp\/v2\/comments?post=107532"}],"version-history":[{"count":0,"href":"https:\/\/www.europesays.com\/lv\/wp-json\/wp\/v2\/posts\/107532\/revisions"}],"wp:featuredmedia":[{"embeddable":true,"href":"https:\/\/www.europesays.com\/lv\/wp-json\/wp\/v2\/media\/107533"}],"wp:attachment":[{"href":"https:\/\/www.europesays.com\/lv\/wp-json\/wp\/v2\/media?parent=107532"}],"wp:term":[{"taxonomy":"category","embeddable":true,"href":"https:\/\/www.europesays.com\/lv\/wp-json\/wp\/v2\/categories?post=107532"},{"taxonomy":"post_tag","embeddable":true,"href":"https:\/\/www.europesays.com\/lv\/wp-json\/wp\/v2\/tags?post=107532"}],"curies":[{"name":"wp","href":"https:\/\/api.w.org\/{rel}","templated":true}]}}