{"id":107555,"date":"2026-01-18T07:15:10","date_gmt":"2026-01-18T07:15:10","guid":{"rendered":"https:\/\/www.europesays.com\/lv\/107555\/"},"modified":"2026-01-18T07:15:10","modified_gmt":"2026-01-18T07:15:10","slug":"paragvaja-parakstits-es-un-mercosur-brivas-tirdzniecibas-noligums","status":"publish","type":"post","link":"https:\/\/www.europesays.com\/lv\/107555\/","title":{"rendered":"Paragvaj\u0101 parakst\u012bts ES un &#8220;Mercosur&#8221; br\u012bv\u0101s tirdzniec\u012bbas nol\u012bgums"},"content":{"rendered":"<p>Ar \u0161o vieno\u0161anos tiek izveidota viena no pasaul\u0113 liel\u0101kaj\u0101m br\u012bv\u0101s tirdzniec\u012bbas zon\u0101m, kas aptver vair\u0101k nek\u0101 700 miljonus cilv\u0113ku un kuras kop\u0113jais ekonomikas apjoms ir aptuveni 22 triljoni ASV dol\u0101ru.<\/p>\n<p>&#8220;M\u0113s izv\u0113lamies god\u012bgu tirdzniec\u012bbu, nevis tarifus. M\u0113s izv\u0113lamies produkt\u012bvu ilgtermi\u0146a partner\u012bbu, nevis izol\u0101ciju,&#8221; parakst\u012b\u0161anas ceremonij\u0101 pazi\u0146oja Eiropas Komisijas prezidente Urzula fon der Leiena.<\/p>\n<p>&#8220;M\u0113s apvienosim sp\u0113kus k\u0101 nekad agr\u0101k, jo uzskat\u0101m, ka tas ir lab\u0101kais veids, k\u0101 pan\u0101kt m\u016bsu cilv\u0113ku un valstu labkl\u0101j\u012bbu,&#8221; sac\u012bja Leiena.<\/p>\n<p>Vair\u0101kums ES dal\u012bbvalstu 9. janv\u0101r\u012b balsojum\u0101 atbalst\u012bja bloka un &#8220;Mercosur&#8221; br\u012bv\u0101s tirdzniec\u012bbas nol\u012bguma parakst\u012b\u0161anu. Lai tas st\u0101tos sp\u0113k\u0101, v\u0113l nepiecie\u0161ams Eiropas Parlamenta atbalsts.<\/p>\n<p>Pret to balsoja Polija, Francija, \u012arija, Austrija un Ung\u0101rija.<\/p>\n<p>Ar 25 gadus gatavoto nol\u012bgumu starp ES un Braz\u012bliju, Argent\u012bnu, Urugvaju un Paragvaju tiks izveidota viena no pasaul\u0113 liel\u0101kaj\u0101m br\u012bv\u0101s tirdzniec\u012bbas zon\u0101m, un tas \u013caus ES eksport\u0113t vair\u0101k automa\u0161\u012bnu, tehnikas un alkoholisko dz\u0113rienu uz Lat\u012b\u0146ameriku.<\/p>\n<p>Sarunas, kas s\u0101k\u0101s 1999. gad\u0101, vair\u0101kk\u0101rt non\u0101ca strupce\u013c\u0101, tostarp Eiropas lauksaimnieku ba\u017eu d\u0113\u013c, kuri br\u012bdin\u0101ja, ka vi\u0146iem b\u016bs j\u0101iev\u0113ro at\u0161\u0137ir\u012bgi standarti.<\/p>\n","protected":false},"excerpt":{"rendered":"Ar \u0161o vieno\u0161anos tiek izveidota viena no pasaul\u0113 liel\u0101kaj\u0101m br\u012bv\u0101s tirdzniec\u012bbas zon\u0101m, kas aptver vair\u0101k nek\u0101 700 miljonus&hellip;\n","protected":false},"author":2,"featured_media":107556,"comment_status":"","ping_status":"","sticky":false,"template":"","format":"standard","meta":{"footnotes":""},"categories":[14],"tags":[23,57,28,29,16818,514,32,33,22,30,31,35,39,38,36,37,34,40,19950,20,26,27,733,24,25,54,55,56,21,58],"class_list":{"0":"post-107555","1":"post","2":"type-post","3":"status-publish","4":"format-standard","5":"has-post-thumbnail","7":"category-zinas-no-arvalstim","8":"tag-aktualitates","9":"tag-arvalstim","10":"tag-breaking-news","11":"tag-breakingnews","12":"tag-dienvidamerika","13":"tag-eiropas-savieniba","14":"tag-featured-news","15":"tag-featurednews","16":"tag-headlines","17":"tag-latest-news","18":"tag-latestnews","19":"tag-latvia","20":"tag-latvian","21":"tag-latviesu","22":"tag-latviesu-valoda","23":"tag-latviesuvaloda","24":"tag-latvija","25":"tag-lv","26":"tag-mercosur","27":"tag-news","28":"tag-popularakas-zinas","29":"tag-popularakaszinas","30":"tag-tirdznieciba","31":"tag-top-stories","32":"tag-topstories","33":"tag-world","34":"tag-world-news","35":"tag-worldnews","36":"tag-zinas","37":"tag-zinas-no-arvalstim"},"share_on_mastodon":{"url":"https:\/\/pubeurope.com\/@lv\/115914874785111421","error":""},"_links":{"self":[{"href":"https:\/\/www.europesays.com\/lv\/wp-json\/wp\/v2\/posts\/107555","targetHints":{"allow":["GET"]}}],"collection":[{"href":"https:\/\/www.europesays.com\/lv\/wp-json\/wp\/v2\/posts"}],"about":[{"href":"https:\/\/www.europesays.com\/lv\/wp-json\/wp\/v2\/types\/post"}],"author":[{"embeddable":true,"href":"https:\/\/www.europesays.com\/lv\/wp-json\/wp\/v2\/users\/2"}],"replies":[{"embeddable":true,"href":"https:\/\/www.europesays.com\/lv\/wp-json\/wp\/v2\/comments?post=107555"}],"version-history":[{"count":0,"href":"https:\/\/www.europesays.com\/lv\/wp-json\/wp\/v2\/posts\/107555\/revisions"}],"wp:featuredmedia":[{"embeddable":true,"href":"https:\/\/www.europesays.com\/lv\/wp-json\/wp\/v2\/media\/107556"}],"wp:attachment":[{"href":"https:\/\/www.europesays.com\/lv\/wp-json\/wp\/v2\/media?parent=107555"}],"wp:term":[{"taxonomy":"category","embeddable":true,"href":"https:\/\/www.europesays.com\/lv\/wp-json\/wp\/v2\/categories?post=107555"},{"taxonomy":"post_tag","embeddable":true,"href":"https:\/\/www.europesays.com\/lv\/wp-json\/wp\/v2\/tags?post=107555"}],"curies":[{"name":"wp","href":"https:\/\/api.w.org\/{rel}","templated":true}]}}