{"id":107569,"date":"2026-01-18T07:29:11","date_gmt":"2026-01-18T07:29:11","guid":{"rendered":"https:\/\/www.europesays.com\/lv\/107569\/"},"modified":"2026-01-18T07:29:11","modified_gmt":"2026-01-18T07:29:11","slug":"atra-riciba-un-situacijas-kontrole-lente-lv","status":"publish","type":"post","link":"https:\/\/www.europesays.com\/lv\/107569\/","title":{"rendered":"\u0101tra r\u012bc\u012bba un situ\u0101cijas kontrole\u00a0\u2014\u00a0Lente.lv"},"content":{"rendered":"<p>Ugunsgr\u0113ks slimn\u012bcas savienojuma tunel\u012b<\/p>\n<p>Sestdienas r\u012bt\u0101 Paula Stradi\u0146a kl\u012bnisk\u0101s universit\u0101tes slimn\u012bc\u0101 izc\u0113lies neliels ugunsgr\u0113ks, kas rad\u012bja sad\u016bmojumu slimn\u012bcas 21. korpusa un A1 \u0113kas savienojuma tunel\u012b. K\u0101 inform\u0113 port\u0101ls jauns.lv, Valsts ugunsdz\u0113s\u012bbas un gl\u0101b\u0161anas dienests (VUGD) operat\u012bvi rea\u0123\u0113jis un situ\u0101cija tika \u0101tri nodota kontrolei. Slimn\u012bcas p\u0101rst\u0101vji uzsv\u0113ra, ka uztraukumam nav pamata, jo apdraud\u0113jums pacientiem un person\u0101lam nav radies, un slimn\u012bca turpina darbu ierastaj\u0101 re\u017e\u012bm\u0101.<\/p>\n<p>\u0100tra rea\u0123\u0113\u0161ana un likvid\u0101cija<\/p>\n<p>Zi\u0146as par ugunsgr\u0113ku tika sa\u0146emtas sestdienas r\u012bt\u0101. Notikuma viet\u0101 nekav\u0113joties ierad\u0101s VUGD p\u0101rst\u0101vji, kuri veica nepiecie\u0161amos pas\u0101kumus ugunsgr\u0113ka likvid\u0113\u0161anai. Pateicoties operat\u012bvai r\u012bc\u012bbai, liesmu izplat\u012b\u0161an\u0101s tika savlaic\u012bgi ierobe\u017eota. Lai gan deg\u0161anas proces\u0101 rad\u0101s sad\u016bmojums, tas nebija rad\u012bjis draudus slimn\u012bcas pacientiem vai person\u0101lam.<\/p>\n<p>Slimn\u012bcas dro\u0161\u012bbas pas\u0101kumi un turpin\u0101tais darbs<\/p>\n<p>Paula Stradi\u0146a Kl\u012bnisk\u0101 universit\u0101tes slimn\u012bca ir liel\u0101k\u0101 vesel\u012bbas apr\u016bpes iest\u0101de Latvij\u0101. Lai gan \u0161\u0101ds incidents var rad\u012bt ba\u017eas, slimn\u012bcas vad\u012bba un dienesti apliecina, ka dro\u0161\u012bbas pas\u0101kumi ir stingri un sp\u0113j nov\u0113rst jebk\u0101dus riskus. Slimn\u012bca turpina savu darbu bez trauc\u0113jumiem, apliecinot savu sp\u0113ju p\u0101rvald\u012bt \u0101rk\u0101rtas situ\u0101cijas un nodro\u0161in\u0101t nep\u0101rtrauktu pacientu apr\u016bpi.<\/p>\n","protected":false},"excerpt":{"rendered":"Ugunsgr\u0113ks slimn\u012bcas savienojuma tunel\u012b Sestdienas r\u012bt\u0101 Paula Stradi\u0146a kl\u012bnisk\u0101s universit\u0101tes slimn\u012bc\u0101 izc\u0113lies neliels ugunsgr\u0113ks, kas rad\u012bja sad\u016bmojumu slimn\u012bcas&hellip;\n","protected":false},"author":2,"featured_media":107570,"comment_status":"","ping_status":"","sticky":false,"template":"","format":"standard","meta":{"footnotes":""},"categories":[5],"tags":[23,28,29,32,33,25627,22,30,31,35,39,38,36,37,34,40,20,26,27,172,20378,24,25,377,4908,21],"class_list":{"0":"post-107569","1":"post","2":"type-post","3":"status-publish","4":"format-standard","5":"has-post-thumbnail","7":"category-aktualitates","8":"tag-aktualitates","9":"tag-breaking-news","10":"tag-breakingnews","11":"tag-featured-news","12":"tag-featurednews","13":"tag-glabsana","14":"tag-headlines","15":"tag-latest-news","16":"tag-latestnews","17":"tag-latvia","18":"tag-latvian","19":"tag-latviesu","20":"tag-latviesu-valoda","21":"tag-latviesuvaloda","22":"tag-latvija","23":"tag-lv","24":"tag-news","25":"tag-popularakas-zinas","26":"tag-popularakaszinas","27":"tag-riga","28":"tag-stradina-slimnica","29":"tag-top-stories","30":"tag-topstories","31":"tag-ugunsgreks","32":"tag-vugd","33":"tag-zinas"},"share_on_mastodon":{"url":"https:\/\/pubeurope.com\/@lv\/115914929791661144","error":""},"_links":{"self":[{"href":"https:\/\/www.europesays.com\/lv\/wp-json\/wp\/v2\/posts\/107569","targetHints":{"allow":["GET"]}}],"collection":[{"href":"https:\/\/www.europesays.com\/lv\/wp-json\/wp\/v2\/posts"}],"about":[{"href":"https:\/\/www.europesays.com\/lv\/wp-json\/wp\/v2\/types\/post"}],"author":[{"embeddable":true,"href":"https:\/\/www.europesays.com\/lv\/wp-json\/wp\/v2\/users\/2"}],"replies":[{"embeddable":true,"href":"https:\/\/www.europesays.com\/lv\/wp-json\/wp\/v2\/comments?post=107569"}],"version-history":[{"count":0,"href":"https:\/\/www.europesays.com\/lv\/wp-json\/wp\/v2\/posts\/107569\/revisions"}],"wp:featuredmedia":[{"embeddable":true,"href":"https:\/\/www.europesays.com\/lv\/wp-json\/wp\/v2\/media\/107570"}],"wp:attachment":[{"href":"https:\/\/www.europesays.com\/lv\/wp-json\/wp\/v2\/media?parent=107569"}],"wp:term":[{"taxonomy":"category","embeddable":true,"href":"https:\/\/www.europesays.com\/lv\/wp-json\/wp\/v2\/categories?post=107569"},{"taxonomy":"post_tag","embeddable":true,"href":"https:\/\/www.europesays.com\/lv\/wp-json\/wp\/v2\/tags?post=107569"}],"curies":[{"name":"wp","href":"https:\/\/api.w.org\/{rel}","templated":true}]}}