{"id":107573,"date":"2026-01-18T07:35:08","date_gmt":"2026-01-18T07:35:08","guid":{"rendered":"https:\/\/www.europesays.com\/lv\/107573\/"},"modified":"2026-01-18T07:35:08","modified_gmt":"2026-01-18T07:35:08","slug":"tramps-izmanto-grenlandi-lai-noverstu-uzmanibu-no-ukrainas","status":"publish","type":"post","link":"https:\/\/www.europesays.com\/lv\/107573\/","title":{"rendered":"Tramps izmanto Grenlandi, lai nov\u0113rstu uzman\u012bbu no Ukrainas"},"content":{"rendered":"<p>&#8220;Man tas bija s\u0101p\u012bgs process. Kop\u0161 b\u0113rn\u012bbas es uzskat\u012bju Amerikas Savienot\u0101s Valstis par dabisku br\u012bv\u0101s pasaules l\u012bderi. Es pat run\u0101ju par Amerikas Savienotaj\u0101m Valst\u012bm k\u0101 par pasaules policistu,&#8221; dal\u012bj\u0101s biju\u0161ais NATO \u0123ener\u0101lsekret\u0101rs, kur\u0161 nos\u016bt\u012bja D\u0101nijas karav\u012brus c\u012bn\u012bties kop\u0101 ar Amerikas Savienotaj\u0101m Valst\u012bm Afganist\u0101n\u0101.<\/p>\n<p>&#8220;M\u0113s tagad redzam, ka ASV izmanto retoriku, kas ir \u013coti l\u012bdz\u012bga tai, ko izmanto &#8220;band\u012bti&#8221; no Maskavas un Pekinas, kurus vi\u0146iem it k\u0101 vajadz\u0113tu kontrol\u0113t,&#8221; atz\u012bm\u0113ja Rasmusens.<\/p>\n<p>Vi\u0146\u0161 piebilda: &#8220;Domstarp\u012bbas Rietumos n\u0101k par labu Krievijai. Esmu p\u0101rliecin\u0101ts, ka Maskava cer, ka <a href=\"https:\/\/www.apollo.lv\/term\/556529\/grenlande\" class=\"topicLink\" target=\"_blank\" rel=\"nofollow noopener\">Grenlande<\/a> b\u016bs aisbergs, kas nogremd\u0113s NATO. T\u0101tad tas sniedzas t\u0101l\u0101k par D\u0101niju un Grenlandi&#8230; Grenlandes iekaro\u0161ana b\u016btu pasaules k\u0101rt\u012bbas beigas, k\u0101du m\u0113s to paz\u012bstam.&#8221;<\/p>\n<p>Biju\u0161ais NATO \u0123ener\u0101lsekret\u0101rs ierosin\u0101ja D\u0101nijai iesniegt Trampam tr\u012bs konkr\u0113tus priek\u0161likumus.<\/p>\n<p>Vi\u0146\u0161 teica, ka 1951. gada aizsardz\u012bbas l\u012bgums, kas pie\u0161\u0137ir ASV iev\u0113rojamas pilnvaras p\u0101r Grenlandi, b\u016btu &#8220;j\u0101atjaunina un j\u0101moderniz\u0113&#8221;, lai sniegtu s\u012bk\u0101ku inform\u0101ciju par to, kur Va\u0161ingtonai un NATO &#8220;var\u0113tu un vajadz\u0113tu&#8221; izveidot vair\u0101k milit\u0101ro b\u0101zu.<\/p>\n<p>Publik\u0101cij\u0101 nor\u0101d\u012bts, ka ASV pa\u0161laik Henland\u0101 ir tikai viena milit\u0101r\u0101 b\u0101ze, kur\u0101 izvietoti 150 karav\u012bri. Aukst\u0101 kara laik\u0101 ASV sal\u0101 bija 17 objekti un vair\u0101k nek\u0101 10 000 karav\u012bru.<\/p>\n<p>Turkl\u0101t Rasmusens uzskata, ka D\u0101nijai vajadz\u0113tu ierosin\u0101t invest\u012bciju l\u012bgumu, lai piesaist\u012btu amerik\u0101\u0146u naudu der\u012bgo izrakte\u0146u ieguvei Grenland\u0113, k\u0101 ar\u012b stabilit\u0101tes un ilgtsp\u0113j\u012bbas l\u012bgumu, &#8220;lai nov\u0113rstu Krievijas un \u0136\u012bnas ietekmi&#8221;.<\/p>\n","protected":false},"excerpt":{"rendered":"&#8220;Man tas bija s\u0101p\u012bgs process. Kop\u0161 b\u0113rn\u012bbas es uzskat\u012bju Amerikas Savienot\u0101s Valstis par dabisku br\u012bv\u0101s pasaules l\u012bderi. Es&hellip;\n","protected":false},"author":2,"featured_media":107574,"comment_status":"","ping_status":"","sticky":false,"template":"","format":"standard","meta":{"footnotes":""},"categories":[5],"tags":[23,25628,28,29,542,32,33,20878,22,30,31,35,39,38,36,37,34,40,71,20,26,27,24,25,21],"class_list":{"0":"post-107573","1":"post","2":"type-post","3":"status-publish","4":"format-standard","5":"has-post-thumbnail","7":"category-aktualitates","8":"tag-aktualitates","9":"tag-anderss-fogs-rasmusens","10":"tag-breaking-news","11":"tag-breakingnews","12":"tag-donalds-tramps","13":"tag-featured-news","14":"tag-featurednews","15":"tag-grenlande","16":"tag-headlines","17":"tag-latest-news","18":"tag-latestnews","19":"tag-latvia","20":"tag-latvian","21":"tag-latviesu","22":"tag-latviesu-valoda","23":"tag-latviesuvaloda","24":"tag-latvija","25":"tag-lv","26":"tag-nato","27":"tag-news","28":"tag-popularakas-zinas","29":"tag-popularakaszinas","30":"tag-top-stories","31":"tag-topstories","32":"tag-zinas"},"share_on_mastodon":{"url":"https:\/\/pubeurope.com\/@lv\/115914953384398440","error":""},"_links":{"self":[{"href":"https:\/\/www.europesays.com\/lv\/wp-json\/wp\/v2\/posts\/107573","targetHints":{"allow":["GET"]}}],"collection":[{"href":"https:\/\/www.europesays.com\/lv\/wp-json\/wp\/v2\/posts"}],"about":[{"href":"https:\/\/www.europesays.com\/lv\/wp-json\/wp\/v2\/types\/post"}],"author":[{"embeddable":true,"href":"https:\/\/www.europesays.com\/lv\/wp-json\/wp\/v2\/users\/2"}],"replies":[{"embeddable":true,"href":"https:\/\/www.europesays.com\/lv\/wp-json\/wp\/v2\/comments?post=107573"}],"version-history":[{"count":0,"href":"https:\/\/www.europesays.com\/lv\/wp-json\/wp\/v2\/posts\/107573\/revisions"}],"wp:featuredmedia":[{"embeddable":true,"href":"https:\/\/www.europesays.com\/lv\/wp-json\/wp\/v2\/media\/107574"}],"wp:attachment":[{"href":"https:\/\/www.europesays.com\/lv\/wp-json\/wp\/v2\/media?parent=107573"}],"wp:term":[{"taxonomy":"category","embeddable":true,"href":"https:\/\/www.europesays.com\/lv\/wp-json\/wp\/v2\/categories?post=107573"},{"taxonomy":"post_tag","embeddable":true,"href":"https:\/\/www.europesays.com\/lv\/wp-json\/wp\/v2\/tags?post=107573"}],"curies":[{"name":"wp","href":"https:\/\/api.w.org\/{rel}","templated":true}]}}