{"id":107594,"date":"2026-01-18T07:53:19","date_gmt":"2026-01-18T07:53:19","guid":{"rendered":"https:\/\/www.europesays.com\/lv\/107594\/"},"modified":"2026-01-18T07:53:19","modified_gmt":"2026-01-18T07:53:19","slug":"jauna-monografija-atklaj-starpkaru-latvijas-sieviesu-sabiedrisko-un-politisko-darbibu-lente-lv","status":"publish","type":"post","link":"https:\/\/www.europesays.com\/lv\/107594\/","title":{"rendered":"Jauna monogr\u0101fija atkl\u0101j starpkaru Latvijas sievie\u0161u sabiedrisko un politisko darb\u012bbu\u00a0\u2014\u00a0Lente.lv"},"content":{"rendered":"<p>Jauns p\u0113t\u012bjums izgaismo sievie\u0161u lomu Latvijas att\u012bst\u012bb\u0101<\/p>\n<p>Latvijas Universit\u0101tes Literat\u016bras, folkloras un m\u0101kslas instit\u016bta apg\u0101ds klaj\u0101 laidis kolekt\u012bvo monogr\u0101fiju \u201cPerspekt\u012bvas. Sievietes Latvijas kult\u016br\u0101 un sabiedr\u012bb\u0101 1870\u20131940\u201d. K\u0101 inform\u0113 Latvijas Sabiedriskie Mediji, \u0161is darbs p\u0113ta l\u012bdz \u0161im maz izp\u0113t\u012btus procesus Latvijas v\u0113stur\u0113, \u012bpa\u0161i piev\u0113r\u0161oties sievie\u0161u lomai sabiedr\u012bbas un kult\u016bras veido\u0161an\u0101. P\u0113tnieces Ineta Lip\u0161a un Liene Dreimane Latvijas Radio raid\u012bjum\u0101 \u201cKult\u016bras rondo\u201d uzsv\u0113ru\u0161as sievie\u0161u ties\u012bbu un citu sabiedrisko akt\u012bvistu noz\u012bm\u012bgo darbu tikko dibin\u0101t\u0101s Latvijas valsts att\u012bst\u012bb\u0101.<\/p>\n<p>C\u012b\u0146a par ties\u012bb\u0101m un l\u012bdzties\u012bbu<\/p>\n<p>Monogr\u0101fijas autori ir iedzi\u013cin\u0101ju\u0161ies da\u017e\u0101d\u0101s jom\u0101s, kur\u0101s sievietes darboj\u0101s starpkaru Latvij\u0101. Liene Dreimane sav\u0101 p\u0113t\u012bjum\u0101 piev\u0113rsusies sievie\u0161u ties\u012bbu akt\u012bvistu kopumam, nor\u0101dot uz civiltiesisko nevienl\u012bdz\u012bbu, kas past\u0101v\u0113ja l\u012bdz pat 1937. gad\u0101 pie\u0146emt\u0101 Civillikuma sp\u0113k\u0101 st\u0101\u0161an\u0101s br\u012bdim. Lai gan sieviet\u0113m bija ties\u012bbas piedal\u012bties v\u0113l\u0113\u0161an\u0101s jau kop\u0161 20. gadiem, vi\u0146as nevar\u0113ja patst\u0101v\u012bgi \u0146emt kred\u012btus vai sl\u0113gt l\u012bgumus. \u0160\u012bs un citas barjeras sievietes cent\u0101s p\u0101rvar\u0113t, akt\u012bvi iesaistoties sabiedriskaj\u0101 dz\u012bv\u0113. Berta P\u012bpi\u0146a, kas bija gan juriste, gan deput\u0101te ceturtaj\u0101 Saeim\u0101, bija starptautiski atz\u012bta ietekm\u012bga sieviete, kas pal\u012bdz\u0113ja risin\u0101t tiesiskus jaut\u0101jumus.<\/p>\n<p>Sievie\u0161u l\u012bdzdal\u012bba politik\u0101 un sabiedriskaj\u0101 dz\u012bv\u0113<\/p>\n<p>P\u0113tniece Ineta Lip\u0161a vienu no monogr\u0101fijas noda\u013c\u0101m velt\u012bjusi sievie\u0161u kandid\u0113\u0161anai un iev\u0113l\u0113\u0161anai Saeim\u0101 no 1922. l\u012bdz 1934. gadam. Vi\u0146a nor\u0101da, ka pirmaj\u0101s trij\u0101s Saeim\u0101s netika iev\u0113l\u0113ta neviena sieviete, bet ceturtaj\u0101 Saeim\u0101 tika iev\u0113l\u0113ta Berta P\u012bpi\u0146a. P\u012bpi\u0146a, pateicoties savam neatlaid\u012bgajam darbam, bija ieguvusi iev\u0113rojamu atpaz\u012bstam\u012bbu un popularit\u0101ti. Gr\u0101mata aptver ar\u012b sievie\u0161u l\u012bdzdal\u012bbu m\u0101ksl\u0101, literat\u016br\u0101, v\u0101cbaltu preses diskusij\u0101s par emancip\u0101ciju, k\u0101 ar\u012b sabiedriskaj\u0101 darb\u012bb\u0101, piem\u0113ram, attur\u012bbas kust\u012bb\u0101 un labdar\u012bb\u0101. \u0160is darbs ir k\u0101 tilts uz pag\u0101tni, pal\u012bdzot saprast, ka sievietes vienm\u0113r ir biju\u0161as akt\u012bvas un ietekm\u012bgas, pat ja vi\u0146u balsis ne vienm\u0113r ir biju\u0161as pietiekami dzirdamas ofici\u0101lajos v\u0113stures narat\u012bvos.<\/p>\n<p>P\u0113tniec\u012bbas noz\u012bme un aktu\u0101l\u0101s perspekt\u012bvas<\/p>\n<p>Monogr\u0101fija \u201cPerspekt\u012bvas. Sievietes Latvijas kult\u016br\u0101 un sabiedr\u012bb\u0101 1870\u20131940\u201d ir v\u0113rt\u012bgs ieguld\u012bjums Latvijas v\u0113stures izp\u0113t\u0113, atkl\u0101jot aizmirst\u0101s lappuses sievie\u0161u dz\u012bv\u0113 un darb\u012bb\u0101. T\u0101 rosina p\u0101rskat\u012bt l\u012bdz\u0161in\u0113jo izpratni par v\u0113stures veido\u0161anos un godin\u0101t t\u0101s sievietes, kuru ieguld\u012bjums ir veidojis Latvijas identit\u0101ti. Gr\u0101matas sast\u0101d\u012bt\u0101ja, literat\u016brzin\u0101tniece Eva Egl\u0101ja-Kristsone, uzsver, ka Latvijas sievie\u0161u v\u0113sture ir pla\u0161a un daudzpus\u012bga, ta\u010du joproj\u0101m nav pietiekami visaptvero\u0161i izp\u0113t\u012bta. \u0160\u0101da izp\u0113te ir svar\u012bga ar\u012b m\u016bsdienu diskusij\u0101s, lai nov\u0113rstu sievie\u0161u lomas ierobe\u017eo\u0161anu tikai ar tradicion\u0101laj\u0101m lom\u0101m.<\/p>\n<p>P\u0113t\u012bjums ietver pla\u0161u v\u0113stures spektru<\/p>\n<p>Darbs aptver sievie\u0161u l\u012bdzdal\u012bbu da\u017e\u0101d\u0101s jom\u0101s \u2013 s\u0101kot no literat\u016bras un m\u0101kslas, l\u012bdz pat politikai, izgl\u012bt\u012bbai un sabiedriskajai darb\u012bbai. Tas par\u0101da, ka sievie\u0161u loma neb\u016bt nav bijusi pas\u012bva nov\u0113rot\u0101ja, bet gan akt\u012bva dal\u012bbniece un veidot\u0101ja, kas ietekm\u0113jusi laikmeta tendences un ienesusi jaunas idejas. Gr\u0101mata ir k\u0101 instruments, kas \u013cauj lab\u0101k izprast pag\u0101tni un stiprin\u0101t savu identit\u0101ti tagadn\u0113, atg\u0101dinot par sievie\u0161u iztur\u012bbu, inteli\u0123enci un uz\u0146\u0113m\u012bbu. Lai gan p\u0113t\u012bjums ir akad\u0113misks, t\u0101 sniegt\u0101 inform\u0101cija ir v\u0113rt\u012bga un interesanta pla\u0161am las\u012bt\u0101ju lokam.<\/p>\n","protected":false},"excerpt":{"rendered":"Jauns p\u0113t\u012bjums izgaismo sievie\u0161u lomu Latvijas att\u012bst\u012bb\u0101 Latvijas Universit\u0101tes Literat\u016bras, folkloras un m\u0101kslas instit\u016bta apg\u0101ds klaj\u0101 laidis kolekt\u012bvo&hellip;\n","protected":false},"author":2,"featured_media":107595,"comment_status":"","ping_status":"","sticky":false,"template":"","format":"standard","meta":{"footnotes":""},"categories":[5],"tags":[23,28,29,32,33,22,30,31,35,39,38,36,37,34,160,40,25633,20,26,27,25632,12337,25631,24,25,21],"class_list":{"0":"post-107594","1":"post","2":"type-post","3":"status-publish","4":"format-standard","5":"has-post-thumbnail","7":"category-aktualitates","8":"tag-aktualitates","9":"tag-breaking-news","10":"tag-breakingnews","11":"tag-featured-news","12":"tag-featurednews","13":"tag-headlines","14":"tag-latest-news","15":"tag-latestnews","16":"tag-latvia","17":"tag-latvian","18":"tag-latviesu","19":"tag-latviesu-valoda","20":"tag-latviesuvaloda","21":"tag-latvija","22":"tag-latvijas-kultura","23":"tag-lv","24":"tag-monografija","25":"tag-news","26":"tag-popularakas-zinas","27":"tag-popularakaszinas","28":"tag-sabiedriskas-aktivistes","29":"tag-sieviesu-tiesibas","30":"tag-starpkaru-latvija","31":"tag-top-stories","32":"tag-topstories","33":"tag-zinas"},"share_on_mastodon":{"url":"https:\/\/pubeurope.com\/@lv\/115915024168756619","error":""},"_links":{"self":[{"href":"https:\/\/www.europesays.com\/lv\/wp-json\/wp\/v2\/posts\/107594","targetHints":{"allow":["GET"]}}],"collection":[{"href":"https:\/\/www.europesays.com\/lv\/wp-json\/wp\/v2\/posts"}],"about":[{"href":"https:\/\/www.europesays.com\/lv\/wp-json\/wp\/v2\/types\/post"}],"author":[{"embeddable":true,"href":"https:\/\/www.europesays.com\/lv\/wp-json\/wp\/v2\/users\/2"}],"replies":[{"embeddable":true,"href":"https:\/\/www.europesays.com\/lv\/wp-json\/wp\/v2\/comments?post=107594"}],"version-history":[{"count":0,"href":"https:\/\/www.europesays.com\/lv\/wp-json\/wp\/v2\/posts\/107594\/revisions"}],"wp:featuredmedia":[{"embeddable":true,"href":"https:\/\/www.europesays.com\/lv\/wp-json\/wp\/v2\/media\/107595"}],"wp:attachment":[{"href":"https:\/\/www.europesays.com\/lv\/wp-json\/wp\/v2\/media?parent=107594"}],"wp:term":[{"taxonomy":"category","embeddable":true,"href":"https:\/\/www.europesays.com\/lv\/wp-json\/wp\/v2\/categories?post=107594"},{"taxonomy":"post_tag","embeddable":true,"href":"https:\/\/www.europesays.com\/lv\/wp-json\/wp\/v2\/tags?post=107594"}],"curies":[{"name":"wp","href":"https:\/\/api.w.org\/{rel}","templated":true}]}}