{"id":10760,"date":"2025-10-02T16:44:16","date_gmt":"2025-10-02T16:44:16","guid":{"rendered":"https:\/\/www.europesays.com\/lv\/10760\/"},"modified":"2025-10-02T16:44:16","modified_gmt":"2025-10-02T16:44:16","slug":"ukrainas-pretgaisa-aizsardziba-sprukas-krievu-raketes-spej-apiet-sistemas-patriot","status":"publish","type":"post","link":"https:\/\/www.europesays.com\/lv\/10760\/","title":{"rendered":"Ukrainas pretgaisa aizsardz\u012bba spruk\u0101s \u2013 krievu ra\u0137etes sp\u0113j apiet sist\u0113mas &#8220;Patriot&#8221;"},"content":{"rendered":"<p>Krievijai ir izdevies p\u0101rveidot savas ra\u0137etes t\u0101, lai t\u0101s sp\u0113tu izvair\u012bties no sist\u0113m\u0101m &#8220;Patriot&#8221;, kas ir Ukrainas pretgaisa aizsardz\u012bbas sp\u0113ku bru\u0146ojum\u0101, v\u0113sta britu laikraksts &#8220;Financial Times&#8221;, atsaucoties uz ukrai\u0146u un Rietumu avotiem.<\/p>\n<p>Krievija, visticam\u0101k, moderniz\u0113jusi savu mobilo kompleksu &#8220;Iskander-M&#8221;, kas raida ra\u0137etes ar darb\u012bbas r\u0101diusu l\u012bdz 500 kilometriem, k\u0101 gaisa b\u0101z\u0113juma ballistisk\u0101s ra\u0137etes &#8220;Kin\u017eal&#8221;, kas var lidot l\u012bdz 480 kilometriem.<\/p>\n<p>Tagad ra\u0137etes lido pa tipisko trajektoriju, bet p\u0113c tam strauji pik\u0113 vai veic manevrus, kas &#8220;maldina un \u013cauj izvair\u012bties&#8221; no &#8220;Patriot&#8221; ra\u0137et\u0113m, teikts publik\u0101cij\u0101.<\/p>\n<p>Tas ir &#8220;pagrieziena punkts Krievijai&#8221;, laikrakstam atzina bijus\u012b Ukrainas amatpersona.<\/p>\n<p>Krievijas ballistisko ra\u0137e\u0161u p\u0101rtver\u0161anas r\u0101d\u012bt\u0101ji vasar\u0101 uzlaboj\u0101s, august\u0101 sasniedzot 37%, bet septembr\u012b strauji samazin\u0101j\u0101s l\u012bdz 6%, nor\u0101da &#8220;Financial Times&#8221;.<\/p>\n<p>Ra\u0137e\u0161u triecienos vasar\u0101 nopietni post\u012bjumi nodar\u012bti vismaz \u010detr\u0101m dronu r\u016bpn\u012bc\u0101m Kijiv\u0101 un t\u0101s apk\u0101rtn\u0113, nor\u0101d\u012bja avoti.<\/p>\n<p>T\u0101 28.august\u0101 tika veikts trieciens Turcijas &#8220;Bayraktar&#8221; dronu ra\u017eotnei.<\/p>\n<p>&#8220;Patriot&#8221; ra\u0137etes ir vien\u012bg\u0101s Ukrainas arsen\u0101l\u0101, kas sp\u0113j notriekt Krievijas ballistisk\u0101s ra\u0137etes, bet sp\u0101rnot\u0101s ra\u0137etes var notriekt ar\u012b ar pretgaisa aizsardz\u012bbas sist\u0113m\u0101m, kas nav pa\u0161as modern\u0101k\u0101s.<\/p>\n<p>Rietumu amatpersona, kas ir inform\u0113ta par &#8220;Patriot&#8221; \u012bpa\u0161\u012bb\u0101m, skaidroja, ka pirm\u0101 Krievijas ra\u0137e\u0161u moderniz\u0101cijas paz\u012bme ir iev\u0113rojama p\u0101rtver\u0161anas r\u0101d\u012bt\u0101ju samazin\u0101\u0161an\u0101s.<\/p>\n<p><img decoding=\"async\" src=\"https:\/\/www.europesays.com\/lv\/wp-content\/uploads\/2025\/10\/2b9c9bbf124a605601a18009dc75b7e5.png\" title=\"Foto: REUTERS\/Kuba Stezyck\" alt=\"Foto: REUTERS\/Kuba Stezyck\"\/><\/p>\n<p class=\"article-img-desc\">Foto: REUTERS\/Kuba Stezyck<\/p>\n","protected":false},"excerpt":{"rendered":"Krievijai ir izdevies p\u0101rveidot savas ra\u0137etes t\u0101, lai t\u0101s sp\u0113tu izvair\u012bties no sist\u0113m\u0101m &#8220;Patriot&#8221;, kas ir Ukrainas pretgaisa&hellip;\n","protected":false},"author":2,"featured_media":10761,"comment_status":"","ping_status":"","sticky":false,"template":"","format":"standard","meta":{"footnotes":""},"categories":[14],"tags":[129,470,2334,2799,23,57,28,29,32,33,22,30,31,35,39,38,36,37,34,40,20,26,27,471,2335,2800,472,2336,2801,24,25,54,55,56,21,58],"class_list":{"0":"post-10760","1":"post","2":"type-post","3":"status-publish","4":"format-standard","5":"has-post-thumbnail","7":"category-zinas-no-arvalstim","8":"tag-__typenameadvicekeyword","9":"tag-id532","10":"tag-id554","11":"tag-id707","12":"tag-aktualitates","13":"tag-arvalstim","14":"tag-breaking-news","15":"tag-breakingnews","16":"tag-featured-news","17":"tag-featurednews","18":"tag-headlines","19":"tag-latest-news","20":"tag-latestnews","21":"tag-latvia","22":"tag-latvian","23":"tag-latviesu","24":"tag-latviesu-valoda","25":"tag-latviesuvaloda","26":"tag-latvija","27":"tag-lv","28":"tag-news","29":"tag-popularakas-zinas","30":"tag-popularakaszinas","31":"tag-slugkars-ukraina","32":"tag-slugkrievija","33":"tag-slugmilitarie-speki","34":"tag-titlekars-ukraina","35":"tag-titlekrievija","36":"tag-titlemilitarie-speki","37":"tag-top-stories","38":"tag-topstories","39":"tag-world","40":"tag-world-news","41":"tag-worldnews","42":"tag-zinas","43":"tag-zinas-no-arvalstim"},"share_on_mastodon":{"url":"","error":""},"_links":{"self":[{"href":"https:\/\/www.europesays.com\/lv\/wp-json\/wp\/v2\/posts\/10760","targetHints":{"allow":["GET"]}}],"collection":[{"href":"https:\/\/www.europesays.com\/lv\/wp-json\/wp\/v2\/posts"}],"about":[{"href":"https:\/\/www.europesays.com\/lv\/wp-json\/wp\/v2\/types\/post"}],"author":[{"embeddable":true,"href":"https:\/\/www.europesays.com\/lv\/wp-json\/wp\/v2\/users\/2"}],"replies":[{"embeddable":true,"href":"https:\/\/www.europesays.com\/lv\/wp-json\/wp\/v2\/comments?post=10760"}],"version-history":[{"count":0,"href":"https:\/\/www.europesays.com\/lv\/wp-json\/wp\/v2\/posts\/10760\/revisions"}],"wp:featuredmedia":[{"embeddable":true,"href":"https:\/\/www.europesays.com\/lv\/wp-json\/wp\/v2\/media\/10761"}],"wp:attachment":[{"href":"https:\/\/www.europesays.com\/lv\/wp-json\/wp\/v2\/media?parent=10760"}],"wp:term":[{"taxonomy":"category","embeddable":true,"href":"https:\/\/www.europesays.com\/lv\/wp-json\/wp\/v2\/categories?post=10760"},{"taxonomy":"post_tag","embeddable":true,"href":"https:\/\/www.europesays.com\/lv\/wp-json\/wp\/v2\/tags?post=10760"}],"curies":[{"name":"wp","href":"https:\/\/api.w.org\/{rel}","templated":true}]}}