{"id":107602,"date":"2026-01-18T08:01:16","date_gmt":"2026-01-18T08:01:16","guid":{"rendered":"https:\/\/www.europesays.com\/lv\/107602\/"},"modified":"2026-01-18T08:01:16","modified_gmt":"2026-01-18T08:01:16","slug":"hokejistam-erikam-mateiko-veikta-ahilejas-cipslas-operacija-nosledzot-sezonu-un-olimpiskas-ceribas-lente-lv","status":"publish","type":"post","link":"https:\/\/www.europesays.com\/lv\/107602\/","title":{"rendered":"Hokejistam \u0112rikam Mateiko veikta Ahilejas c\u012bpslas oper\u0101cija, nosl\u0113dzot sezonu un olimpisk\u0101s cer\u012bbas\u00a0\u2014\u00a0Lente.lv"},"content":{"rendered":"<p>Traumatiska sezona nosl\u0113gum\u0101<\/p>\n<p>Latvijas hokeja talantam \u0112rikam Mateiko \u0161\u012b sezona ir priek\u0161laic\u012bgi nosl\u0113gusies. Vi\u0146a p\u0101rst\u0101v\u0113t\u0101 Amerikas Hokeja l\u012bgas (AHL) komanda H\u0113r\u0161ijas &#8220;Bears&#8221; ir apstiprin\u0101jusi, ka hokejistam veikta oper\u0101cija, lai salabotu Ahilejas c\u012bpslu, kas tika sagriezta ar pretinieka slidu. \u0160\u012b nopietn\u0101 trauma noz\u012bm\u0113, ka 20 gadus vecais uzbruc\u0113js laukum\u0101 vairs nedosies l\u012bdz pat sezonas beig\u0101m. Savainojums g\u016bts 2026. gada 11. janv\u0101ra sp\u0113l\u0113 pret Kl\u012bvlendas &#8220;Monsters&#8221;, kad vi\u0146a k\u0101ju sk\u0101ra pretinieka slida. Mateiko bija iek\u013cauts Latvijas olimpisk\u0101s izlases s\u0101kotn\u0113j\u0101 pieteikum\u0101, ta\u010du \u0161\u012b trauma izpludin\u0101jusi cer\u012bbas piedal\u012bties 2026. gada ziemas olimpiskaj\u0101s sp\u0113l\u0113s.<\/p>\n<p>Olimpisko sp\u0113\u013cu sapnis izpl\u016bst<\/p>\n<p>\u0112rika Mateiko trauma ir pielikusi punktu ne tikai vi\u0146a sezonai AHL, bet ar\u012b cer\u012bb\u0101m p\u0101rst\u0101v\u0113t Latviju gaid\u0101maj\u0101s olimpiskaj\u0101s sp\u0113l\u0113s. Vi\u0146\u0161 bija viens no p\u0101rsteigumiem Harija V\u012btoli\u0146a izv\u0113l\u0113taj\u0101 Latvijas valstsvien\u012bbas sast\u0101v\u0101 dal\u012bbai olimpiskaj\u0101m sp\u0113l\u0113m. \u0145emot v\u0113r\u0101 vi\u0146a draft\u0113\u0161anu ar 90. numuru NHL komandas Va\u0161ingtonas &#8220;Capitals&#8221; sist\u0113m\u0101, vi\u0146a potenci\u0101ls tika augstu v\u0113rt\u0113ts. Diem\u017e\u0113l savainojuma d\u0113\u013c vi\u0146a viet\u0101 sast\u0101v\u0101 tika izsaukts cits AHL sp\u0113l\u0113jo\u0161ais uzbruc\u0113js Anr\u012b Ravinskis. Latvijas Hokeja feder\u0101cija (LHF) ir apstiprin\u0101jusi, ka Mateiko traumas d\u0113\u013c nevar\u0113s piedal\u012bties Mil\u0101nas un Kort\u012bnas d&#8217;Ampeco olimpiskaj\u0101s sp\u0113l\u0113s, kas paredz\u0113tas febru\u0101r\u012b. Vi\u0146a savainojums tiek rakturots k\u0101 nopietns, un prognoz\u0113tais atlab\u0161anas laiks p\u0113c oper\u0101cijas var\u0113tu b\u016bt aptuveni se\u0161i m\u0113ne\u0161i.<\/p>\n<p>Ce\u013c\u0161 uz atvese\u013co\u0161anos un n\u0101kotnes perspekt\u012bvas<\/p>\n<p>Ahilejas c\u012bpslas pl\u012bsums prasa ilgu un r\u016bp\u012bgu rehabilit\u0101cijas periodu, kas parasti ilgst no se\u0161iem l\u012bdz devi\u0146iem m\u0113ne\u0161iem, bet da\u017ek\u0101rt var ieilgt. Tas noz\u012bm\u0113, ka \u0112rikam Mateiko b\u016bs nepiecie\u0161ams velt\u012bt laiku un p\u016bles, lai piln\u012bb\u0101 atg\u016btos un atgrieztos uz ledus kaujas gatav\u012bb\u0101. Vi\u0146a debijas sezona profesion\u0101laj\u0101 hokej\u0101 nosl\u0113gusies priek\u0161laic\u012bgi, un vi\u0146a atgrie\u0161an\u0101s NHL draft\u0101 izv\u0113l\u0113tajai komandai Va\u0161ingtonas &#8220;Capitals&#8221; f\u0101rmklubam ir neskaidra. \u0160osezon 20 gadus vecais uzbruc\u0113js 27 AHL sp\u0113l\u0113s guvis vienus v\u0101rtus un atdevis piecas rezultat\u012bvas piesp\u0113les. Pirms traumas g\u016b\u0161anas vi\u0146\u0161 tika uzskat\u012bts par vienu no perspekt\u012bv\u0101kajiem Latvijas jaunajiem talantiem.<\/p>\n<p>Klubs un statistika<\/p>\n<p>\u0160osezon \u0112riks Mateiko H\u0113r\u0161ijas &#8220;Bears&#8221; sast\u0101v\u0101 27 AHL sp\u0113l\u0113s guvis vienus v\u0101rtus un atdevis piecas rezultat\u012bvas piesp\u0113les. Vi\u0146\u0161 tika draft\u0113ts 2024. gada NHL jauno sp\u0113l\u0113t\u0101ju draft\u0101 ar 90. numuru Va\u0161ingtonas &#8220;Capitals&#8221; komandas. Mateiko ir HK Zemgale audz\u0113knis, un vi\u0146a profesion\u0101l\u0101 karjera s\u0101kusies p\u0113c sp\u0113l\u0113\u0161anas da\u017e\u0101d\u0101s junioru l\u012bg\u0101s un p\u0113c tam p\u0101rejot uz AHL.<\/p>\n","protected":false},"excerpt":{"rendered":"Traumatiska sezona nosl\u0113gum\u0101 Latvijas hokeja talantam \u0112rikam Mateiko \u0161\u012b sezona ir priek\u0161laic\u012bgi nosl\u0113gusies. Vi\u0146a p\u0101rst\u0101v\u0113t\u0101 Amerikas Hokeja l\u012bgas&hellip;\n","protected":false},"author":2,"featured_media":107603,"comment_status":"","ping_status":"","sticky":false,"template":"","format":"standard","meta":{"footnotes":""},"categories":[17],"tags":[25635,840,394,35,39,38,36,37,34,40,8107,67,5583],"class_list":{"0":"post-107602","1":"post","2":"type-post","3":"status-publish","4":"format-standard","5":"has-post-thumbnail","7":"category-sports","8":"tag-ahilejas-cipsla","9":"tag-eriks-mateiko","10":"tag-hokejs","11":"tag-latvia","12":"tag-latvian","13":"tag-latviesu","14":"tag-latviesu-valoda","15":"tag-latviesuvaloda","16":"tag-latvija","17":"tag-lv","18":"tag-operacija","19":"tag-sports","20":"tag-trauma"},"share_on_mastodon":{"url":"https:\/\/pubeurope.com\/@lv\/115915055629964578","error":""},"_links":{"self":[{"href":"https:\/\/www.europesays.com\/lv\/wp-json\/wp\/v2\/posts\/107602","targetHints":{"allow":["GET"]}}],"collection":[{"href":"https:\/\/www.europesays.com\/lv\/wp-json\/wp\/v2\/posts"}],"about":[{"href":"https:\/\/www.europesays.com\/lv\/wp-json\/wp\/v2\/types\/post"}],"author":[{"embeddable":true,"href":"https:\/\/www.europesays.com\/lv\/wp-json\/wp\/v2\/users\/2"}],"replies":[{"embeddable":true,"href":"https:\/\/www.europesays.com\/lv\/wp-json\/wp\/v2\/comments?post=107602"}],"version-history":[{"count":0,"href":"https:\/\/www.europesays.com\/lv\/wp-json\/wp\/v2\/posts\/107602\/revisions"}],"wp:featuredmedia":[{"embeddable":true,"href":"https:\/\/www.europesays.com\/lv\/wp-json\/wp\/v2\/media\/107603"}],"wp:attachment":[{"href":"https:\/\/www.europesays.com\/lv\/wp-json\/wp\/v2\/media?parent=107602"}],"wp:term":[{"taxonomy":"category","embeddable":true,"href":"https:\/\/www.europesays.com\/lv\/wp-json\/wp\/v2\/categories?post=107602"},{"taxonomy":"post_tag","embeddable":true,"href":"https:\/\/www.europesays.com\/lv\/wp-json\/wp\/v2\/tags?post=107602"}],"curies":[{"name":"wp","href":"https:\/\/api.w.org\/{rel}","templated":true}]}}