{"id":107610,"date":"2026-01-18T08:10:08","date_gmt":"2026-01-18T08:10:08","guid":{"rendered":"https:\/\/www.europesays.com\/lv\/107610\/"},"modified":"2026-01-18T08:10:08","modified_gmt":"2026-01-18T08:10:08","slug":"ekas-savienojosaja-tuneli-stradina-slimnica-dzests-ugunsgreks","status":"publish","type":"post","link":"https:\/\/www.europesays.com\/lv\/107610\/","title":{"rendered":"\u0112kas savienojo\u0161aj\u0101 tunel\u012b Stradi\u0146a slimn\u012bc\u0101 dz\u0113sts ugunsgr\u0113ks"},"content":{"rendered":"<p>Saska\u0146\u0101 ar Valsts ugunsdz\u0113s\u012bbas un gl\u0101b\u0161anas dienesta zi\u0146oto plkst. 22.42 sa\u0146emts izsaukums uz Pilso\u0146u ielu, kur \u0101rstniec\u012bbas objekta jaunb\u016bves pagrabst\u0101v\u0101 bija deg\u0161ana 150 kvadr\u0101tmetru plat\u012bb\u0101. Darbs notikum\u0101 nosl\u0113dz\u0101s pirms plkst. 3.<\/p>\n<p>Nepast\u0101vot tie\u0161am apdraud\u0113jumam, bet dro\u0161\u012bbas apsv\u0113rumu d\u0113\u013c blakus pieb\u016bv\u0113t\u0101 \u0113k\u0101 uz t\u0101l\u0101ku telpu p\u0101rvietoti se\u0161i cilv\u0113ki, k\u0101 ar\u012b vien\u0101 no \u0113k\u0101m izv\u0113din\u0101tas telpas.<\/p>\n<p>Slimn\u012bcas p\u0101rst\u0101v\u0113 skaidro, ka <a href=\"https:\/\/www.tvnet.lv\/term\/555502\/ugunsgreks\" class=\"topicLink\" target=\"_blank\" rel=\"nofollow noopener\">ugunsgr\u0113ks<\/a> bija izc\u0113lies slimn\u012bcas 21. korpusa un A1 \u0113kas savienojuma tunel\u012b.<\/p>\n<p>&#8220;Uztraukumam nav pamata &#8211; slimn\u012bca turpina darbu ierastaj\u0101 re\u017e\u012bm\u0101, apdraud\u0113juma pacientiem un darbiniekiem nav,&#8221; inform\u0113 K\u013cavina.<\/p>\n","protected":false},"excerpt":{"rendered":"Saska\u0146\u0101 ar Valsts ugunsdz\u0113s\u012bbas un gl\u0101b\u0161anas dienesta zi\u0146oto plkst. 22.42 sa\u0146emts izsaukums uz Pilso\u0146u ielu, kur \u0101rstniec\u012bbas objekta&hellip;\n","protected":false},"author":2,"featured_media":107611,"comment_status":"","ping_status":"","sticky":false,"template":"","format":"standard","meta":{"footnotes":""},"categories":[12],"tags":[23,28,29,32,33,22,30,31,35,39,38,36,37,34,40,20,3972,26,27,24,25,377,21],"class_list":{"0":"post-107610","1":"post","2":"type-post","3":"status-publish","4":"format-standard","5":"has-post-thumbnail","7":"category-latvija","8":"tag-aktualitates","9":"tag-breaking-news","10":"tag-breakingnews","11":"tag-featured-news","12":"tag-featurednews","13":"tag-headlines","14":"tag-latest-news","15":"tag-latestnews","16":"tag-latvia","17":"tag-latvian","18":"tag-latviesu","19":"tag-latviesu-valoda","20":"tag-latviesuvaloda","21":"tag-latvija","22":"tag-lv","23":"tag-news","24":"tag-paula-stradina-kliniskas-universitates-slimnica","25":"tag-popularakas-zinas","26":"tag-popularakaszinas","27":"tag-top-stories","28":"tag-topstories","29":"tag-ugunsgreks","30":"tag-zinas"},"share_on_mastodon":{"url":"https:\/\/pubeurope.com\/@lv\/115915091033328696","error":""},"_links":{"self":[{"href":"https:\/\/www.europesays.com\/lv\/wp-json\/wp\/v2\/posts\/107610","targetHints":{"allow":["GET"]}}],"collection":[{"href":"https:\/\/www.europesays.com\/lv\/wp-json\/wp\/v2\/posts"}],"about":[{"href":"https:\/\/www.europesays.com\/lv\/wp-json\/wp\/v2\/types\/post"}],"author":[{"embeddable":true,"href":"https:\/\/www.europesays.com\/lv\/wp-json\/wp\/v2\/users\/2"}],"replies":[{"embeddable":true,"href":"https:\/\/www.europesays.com\/lv\/wp-json\/wp\/v2\/comments?post=107610"}],"version-history":[{"count":0,"href":"https:\/\/www.europesays.com\/lv\/wp-json\/wp\/v2\/posts\/107610\/revisions"}],"wp:featuredmedia":[{"embeddable":true,"href":"https:\/\/www.europesays.com\/lv\/wp-json\/wp\/v2\/media\/107611"}],"wp:attachment":[{"href":"https:\/\/www.europesays.com\/lv\/wp-json\/wp\/v2\/media?parent=107610"}],"wp:term":[{"taxonomy":"category","embeddable":true,"href":"https:\/\/www.europesays.com\/lv\/wp-json\/wp\/v2\/categories?post=107610"},{"taxonomy":"post_tag","embeddable":true,"href":"https:\/\/www.europesays.com\/lv\/wp-json\/wp\/v2\/tags?post=107610"}],"curies":[{"name":"wp","href":"https:\/\/api.w.org\/{rel}","templated":true}]}}