{"id":107618,"date":"2026-01-18T08:17:14","date_gmt":"2026-01-18T08:17:14","guid":{"rendered":"https:\/\/www.europesays.com\/lv\/107618\/"},"modified":"2026-01-18T08:17:14","modified_gmt":"2026-01-18T08:17:14","slug":"jautajums-par-porzingi-kas-izradas-sarezgitaks-neka-skiet","status":"publish","type":"post","link":"https:\/\/www.europesays.com\/lv\/107618\/","title":{"rendered":"Jaut\u0101jums par Porzi\u0146\u0123i, kas izr\u0101d\u0101s sare\u017e\u0123\u012bt\u0101ks, nek\u0101 \u0161\u0137iet&#8230;"},"content":{"rendered":"<p>Var\u0113tu teikt, ka Porzi\u0146\u0123a iespaid\u012bgais augums Latvijas sabiedr\u012bb\u0101 k\u013cuvis par sava veida atskaites punktu. \u012apa\u0161i br\u012b\u017eos, kad tiek raksturoti citi cilv\u0113ki: &#8220;\u0160\u012b persona ir gar\u0101ka pat par Porzi\u0146\u0123i.&#8221; Tie\u0161i \u0161\u0101di sal\u012bdzin\u0101jumi port\u0101l\u0101 Apollo.lv p\u0113d\u0113j\u0101 laik\u0101 izskan\u0113ju\u0161i pat divas reizes.<\/p>\n<p>Tas savuk\u0101rt raisa jaut\u0101jumu, kas izr\u0101d\u0101s sare\u017e\u0123\u012bt\u0101ks, nek\u0101 var\u0113tu \u0161\u0137ist no pirm\u0101 acu uzmetiena\u2026<\/p>\n","protected":false},"excerpt":{"rendered":"Var\u0113tu teikt, ka Porzi\u0146\u0123a iespaid\u012bgais augums Latvijas sabiedr\u012bb\u0101 k\u013cuvis par sava veida atskaites punktu. \u012apa\u0161i br\u012b\u017eos, kad tiek&hellip;\n","protected":false},"author":2,"featured_media":107619,"comment_status":"","ping_status":"","sticky":false,"template":"","format":"standard","meta":{"footnotes":""},"categories":[5],"tags":[23,9854,145,1098,28,29,32,33,22,1260,30,31,35,39,38,36,37,34,40,1258,20,26,27,24,25,1324,21],"class_list":{"0":"post-107618","1":"post","2":"type-post","3":"status-publish","4":"format-standard","5":"has-post-thumbnail","7":"category-aktualitates","8":"tag-aktualitates","9":"tag-apollo-lv-redakcija-iesaka","10":"tag-basketbols","11":"tag-basketbols-pasaule","12":"tag-breaking-news","13":"tag-breakingnews","14":"tag-featured-news","15":"tag-featurednews","16":"tag-headlines","17":"tag-kristaps-porzingis","18":"tag-latest-news","19":"tag-latestnews","20":"tag-latvia","21":"tag-latvian","22":"tag-latviesu","23":"tag-latviesu-valoda","24":"tag-latviesuvaloda","25":"tag-latvija","26":"tag-lv","27":"tag-nba","28":"tag-news","29":"tag-popularakas-zinas","30":"tag-popularakaszinas","31":"tag-top-stories","32":"tag-topstories","33":"tag-tvnet-sports","34":"tag-zinas"},"share_on_mastodon":{"url":"https:\/\/pubeurope.com\/@lv\/115915118572262255","error":""},"_links":{"self":[{"href":"https:\/\/www.europesays.com\/lv\/wp-json\/wp\/v2\/posts\/107618","targetHints":{"allow":["GET"]}}],"collection":[{"href":"https:\/\/www.europesays.com\/lv\/wp-json\/wp\/v2\/posts"}],"about":[{"href":"https:\/\/www.europesays.com\/lv\/wp-json\/wp\/v2\/types\/post"}],"author":[{"embeddable":true,"href":"https:\/\/www.europesays.com\/lv\/wp-json\/wp\/v2\/users\/2"}],"replies":[{"embeddable":true,"href":"https:\/\/www.europesays.com\/lv\/wp-json\/wp\/v2\/comments?post=107618"}],"version-history":[{"count":0,"href":"https:\/\/www.europesays.com\/lv\/wp-json\/wp\/v2\/posts\/107618\/revisions"}],"wp:featuredmedia":[{"embeddable":true,"href":"https:\/\/www.europesays.com\/lv\/wp-json\/wp\/v2\/media\/107619"}],"wp:attachment":[{"href":"https:\/\/www.europesays.com\/lv\/wp-json\/wp\/v2\/media?parent=107618"}],"wp:term":[{"taxonomy":"category","embeddable":true,"href":"https:\/\/www.europesays.com\/lv\/wp-json\/wp\/v2\/categories?post=107618"},{"taxonomy":"post_tag","embeddable":true,"href":"https:\/\/www.europesays.com\/lv\/wp-json\/wp\/v2\/tags?post=107618"}],"curies":[{"name":"wp","href":"https:\/\/api.w.org\/{rel}","templated":true}]}}