{"id":107622,"date":"2026-01-18T08:25:07","date_gmt":"2026-01-18T08:25:07","guid":{"rendered":"https:\/\/www.europesays.com\/lv\/107622\/"},"modified":"2026-01-18T08:25:07","modified_gmt":"2026-01-18T08:25:07","slug":"hawks-bez-porzinga-zaude-spele-pret-celtics-tvnet-sports","status":"publish","type":"post","link":"https:\/\/www.europesays.com\/lv\/107622\/","title":{"rendered":"&quot;Hawks&quot; bez Porzi\u0146\u0123a zaud\u0113 sp\u0113l\u0113 pret &quot;Celtics&quot; &#8211; TVNET Sports"},"content":{"rendered":"<ol>\n<li><a href=\"https:\/\/news.google.com\/rss\/articles\/CBMigAFBVV95cUxPVlF3U21zMlBEc05Odll2S0RreWhnSHJ1X0VrTm9Jcngta19fUDZGVDJPRzQ5OWFzMFQyd0lIQlFkSUY5cFFtU0hIR0VsZEg3S0xmUDNxcVBNZ21QUVV2dXVDaGlMakxad2loamU3QURNbzFURTIwelFyajNRdTB2Qg?oc=5\" target=\"_blank\" rel=\"nofollow noopener\">&#8220;Hawks&#8221; bez Porzi\u0146\u0123a zaud\u0113 sp\u0113l\u0113 pret &#8220;Celtics&#8221;<\/a>&nbsp;&nbsp;TVNET Sports<\/li>\n<li><a href=\"https:\/\/news.google.com\/rss\/articles\/CBMijgFBVV95cUxQZmdjYzR2VjBta2I5WmNOWEJzMmZFa0pGT3QyX1RQaHU2V2x4TmlJaFpjQ3BPeDA1VlFWbzR6YUozNzRQc3UxMmhSRlRQMnJjMmJIV3dfRlA4RlpmZHU1a1VYbFQ1N3luQUxYWDhpMmI3X1ZaZGs4QmxzbkUtVHZxTzNvNG1TaXFGR0Q3ZzRR?oc=5\" target=\"_blank\" rel=\"nofollow noopener\">Porzi\u0146\u0123is neatgriez\u012bsies ar\u012b &#8220;Hawks&#8221; sp\u0113l\u0113 pret &#8220;Celtics&#8221;<\/a>&nbsp;&nbsp;TVNET Sports<\/li>\n<li><a href=\"https:\/\/news.google.com\/rss\/articles\/CBMilAFBVV95cUxNQmtmUV9CQmVlZ05Vc3lXUmNSSDl6UkIxTThUMDFLQVVZMkVrcEJ2ZndpVFpLY0REZ2hMam5pZUd5LU90ZUtwQ2pHRkhZT01NTVNQUWdMY2V1X1VnMlloWGU1dm5Gcjd2bElaMnRIdnB0V2JWUlRjd3JUXzJjNFFzN3lOaldxTU5paXVFdTdSb0lKajN3?oc=5\" target=\"_blank\" rel=\"nofollow noopener\">&#8221;Hawks&#8221; bez Porzi\u0146\u0123a izg\u0101\u017e ceturto ceturtda\u013cu un zaud\u0113 Portlend\u0101 \u2013 Basketbols<\/a>&nbsp;&nbsp;Sportacentrs.com<\/li>\n<li><a href=\"https:\/\/news.google.com\/rss\/articles\/CBMi0wFBVV95cUxNbnVySV9UdVFrdEJzamlvMU0tTVVyNi1kTUwwUGdBMDVQUGV0YWVodmQ4NTJqUVU3c1ZCLURGbWVUZ252SkFSMGNXRGZoS2loVl9Qa1QyYTRWMmQ1Y1JHcnJwalBmNGs5c1NXLXZRWXJ6b0MxV21mYWluTFVsLTVIS3E2SC1IajJUOGNyUlpIX3dkZmdWTllyMXY1MlFIa29RM0EzeHNUQlBrNVBxVEJFVFBlODRXdV93Wm9kdG03Nl9sRnJoY0xveDQxWERCUm1PdnZJ?oc=5\" target=\"_blank\" rel=\"nofollow noopener\">&#8220;Hawks&#8221; nesp\u0113j aptur\u0113t &#8220;Trail Blazers&#8221; izr\u0101vienu un piedz\u012bvo zaud\u0113jumu<\/a>&nbsp;&nbsp;Delfi<\/li>\n<li><a href=\"https:\/\/news.google.com\/rss\/articles\/CBMifkFVX3lxTE80dnNNbXF6WE5TNzNoT21JWWpjV1IyeXlCOXpEcDhzbjl6b3VKM196R0k4WnlzejJFUFhIRUI4SWVESTZYWW0xMzNDOUhHOTdyaHpjSWFybU9YclFVeDE5ZDJBXzlFZVdiZTdtSlZRV1ZlTEhqTDhqZ0FLaWRGZw?oc=5\" target=\"_blank\" rel=\"nofollow noopener\">Porzi\u0146\u0123is izlaid\u012bs k\u0101rt\u0113jo sp\u0113li p\u0113c k\u0101rtas<\/a>&nbsp;&nbsp;Apollo.lv<\/li>\n<\/ol>\n","protected":false},"excerpt":{"rendered":"&#8220;Hawks&#8221; bez Porzi\u0146\u0123a zaud\u0113 sp\u0113l\u0113 pret &#8220;Celtics&#8221;&nbsp;&nbsp;TVNET Sports Porzi\u0146\u0123is neatgriez\u012bsies ar\u012b &#8220;Hawks&#8221; sp\u0113l\u0113 pret &#8220;Celtics&#8221;&nbsp;&nbsp;TVNET Sports &#8221;Hawks&#8221; bez&hellip;\n","protected":false},"author":2,"featured_media":107623,"comment_status":"","ping_status":"","sticky":false,"template":"","format":"standard","meta":{"footnotes":""},"categories":[17],"tags":[5219,145,1098,1264,1260,35,39,38,36,37,34,40,1258,67],"class_list":{"0":"post-107622","1":"post","2":"type-post","3":"status-publish","4":"format-standard","5":"has-post-thumbnail","7":"category-sports","8":"tag-atlantas-hawks","9":"tag-basketbols","10":"tag-basketbols-pasaule","11":"tag-bostonas-celtics","12":"tag-kristaps-porzingis","13":"tag-latvia","14":"tag-latvian","15":"tag-latviesu","16":"tag-latviesu-valoda","17":"tag-latviesuvaloda","18":"tag-latvija","19":"tag-lv","20":"tag-nba","21":"tag-sports"},"share_on_mastodon":{"url":"https:\/\/pubeurope.com\/@lv\/115915149999466770","error":""},"_links":{"self":[{"href":"https:\/\/www.europesays.com\/lv\/wp-json\/wp\/v2\/posts\/107622","targetHints":{"allow":["GET"]}}],"collection":[{"href":"https:\/\/www.europesays.com\/lv\/wp-json\/wp\/v2\/posts"}],"about":[{"href":"https:\/\/www.europesays.com\/lv\/wp-json\/wp\/v2\/types\/post"}],"author":[{"embeddable":true,"href":"https:\/\/www.europesays.com\/lv\/wp-json\/wp\/v2\/users\/2"}],"replies":[{"embeddable":true,"href":"https:\/\/www.europesays.com\/lv\/wp-json\/wp\/v2\/comments?post=107622"}],"version-history":[{"count":0,"href":"https:\/\/www.europesays.com\/lv\/wp-json\/wp\/v2\/posts\/107622\/revisions"}],"wp:featuredmedia":[{"embeddable":true,"href":"https:\/\/www.europesays.com\/lv\/wp-json\/wp\/v2\/media\/107623"}],"wp:attachment":[{"href":"https:\/\/www.europesays.com\/lv\/wp-json\/wp\/v2\/media?parent=107622"}],"wp:term":[{"taxonomy":"category","embeddable":true,"href":"https:\/\/www.europesays.com\/lv\/wp-json\/wp\/v2\/categories?post=107622"},{"taxonomy":"post_tag","embeddable":true,"href":"https:\/\/www.europesays.com\/lv\/wp-json\/wp\/v2\/tags?post=107622"}],"curies":[{"name":"wp","href":"https:\/\/api.w.org\/{rel}","templated":true}]}}