{"id":107660,"date":"2026-01-18T09:17:07","date_gmt":"2026-01-18T09:17:07","guid":{"rendered":"https:\/\/www.europesays.com\/lv\/107660\/"},"modified":"2026-01-18T09:17:07","modified_gmt":"2026-01-18T09:17:07","slug":"abols-nevares-palidzet-latvijas-izlasei-olimpiskajas-speles","status":"publish","type":"post","link":"https:\/\/www.europesays.com\/lv\/107660\/","title":{"rendered":"\u0100bols nevar\u0113s pal\u012bdz\u0113t Latvijas izlasei olimpiskaj\u0101s sp\u0113l\u0113s"},"content":{"rendered":"<p>Jau zi\u0146ots, ka \u0100bols sestdien Nacion\u0101l\u0101s hokeja l\u012bgas (NHL) ma\u010d\u0101 Filadelfijas &#8220;Flyers&#8221; rind\u0101s iedz\u012bvoj\u0101s k\u0101jas traum\u0101 un tikai ar komandas biedru pal\u012bdz\u012bbu pameta laukumu. P\u0113c sp\u0113les &#8220;Flyers&#8221; galvenais treneris Riks Tokets savainojumu v\u0113rt\u0113ja k\u0101 nopietnu.<\/p>\n<p>Port\u0101lam &#8220;Sportacentrs.com&#8221; \u0100bols neatkl\u0101ja to, k\u0101d\u0101 savainojum\u0101 iedz\u012bvojies, ta\u010du apstiprin\u0101ja, ka olimpiskaj\u0101s sp\u0113l\u0113s nevar\u0113s piedal\u012bties.<\/p>\n<p>T\u0101pat &#8220;Sportacentrs.com&#8221; v\u0113sta, ka \u0100bolu Latvijas izlases rind\u0101s aizst\u0101s Deniss Smirnovs, kur\u0161 bija viens no tuv\u0101kajiem rezervistiem p\u0113c tam, kad tika nosaukts Latvijas valstsvien\u012bbas sast\u0101vs.<\/p>\n<p>L\u012bdz\u0161in\u0113j\u0101 41 sezonas sp\u0113l\u0113 \u0100bols guvis tr\u012bs v\u0101rtus un atdevis septi\u0146as rezultat\u012bvas piesp\u0113les.<\/p>\n<p>Latvijas hokejisti Mil\u0101nas un Kort\u012bnas olimpiskaj\u0101s sp\u0113l\u0113s C grup\u0101 tiksies ar ASV, V\u0101ciju un D\u0101niju. C grupas pirmaj\u0101 ma\u010d\u0101 12. febru\u0101r\u012b latvie\u0161i sp\u0113kosies ar ASV, 14. febru\u0101r\u012b paredz\u0113ta sp\u0113le ar V\u0101ciju, bet dienu v\u0113l\u0101k Latvijas hokejisti st\u0101sies pret\u012b D\u0101nijai.<\/p>\n<p>Olimpisko sp\u0113\u013cu hokeja turn\u012br\u0101 b\u016bs tr\u012bs grupas. A grup\u0101 sp\u0113kosies Kan\u0101da, \u010cehija, \u0160veice un Francija, bet B grup\u0101 c\u012bn\u012bsies Somija, Zviedrija, Slov\u0101kija un It\u0101lija.<\/p>\n<p>Katras grupas uzvar\u0113t\u0101ja un lab\u0101k\u0101 no otr\u0101s vietas ieguv\u0113j\u0101m uzreiz kvalific\u0113sies ceturtda\u013cfin\u0101lam, bet p\u0101r\u0113j\u0101s vien\u012bbas c\u012bn\u012bsies astotda\u013cfin\u0101l\u0101.<\/p>\n<p>Olimpiskais v\u012brie\u0161u hokeja turn\u012brs norisin\u0101sies no 11. l\u012bdz 22. febru\u0101rim.<\/p>\n","protected":false},"excerpt":{"rendered":"Jau zi\u0146ots, ka \u0100bols sestdien Nacion\u0101l\u0101s hokeja l\u012bgas (NHL) ma\u010d\u0101 Filadelfijas &#8220;Flyers&#8221; rind\u0101s iedz\u012bvoj\u0101s k\u0101jas traum\u0101 un tikai&hellip;\n","protected":false},"author":2,"featured_media":94820,"comment_status":"","ping_status":"","sticky":false,"template":"","format":"standard","meta":{"footnotes":""},"categories":[5],"tags":[23,28,29,32,33,22,30,31,35,39,38,36,37,34,40,20,26,27,837,24,25,527,21],"class_list":{"0":"post-107660","1":"post","2":"type-post","3":"status-publish","4":"format-standard","5":"has-post-thumbnail","7":"category-aktualitates","8":"tag-aktualitates","9":"tag-breaking-news","10":"tag-breakingnews","11":"tag-featured-news","12":"tag-featurednews","13":"tag-headlines","14":"tag-latest-news","15":"tag-latestnews","16":"tag-latvia","17":"tag-latvian","18":"tag-latviesu","19":"tag-latviesu-valoda","20":"tag-latviesuvaloda","21":"tag-latvija","22":"tag-lv","23":"tag-news","24":"tag-popularakas-zinas","25":"tag-popularakaszinas","26":"tag-rodrigo-abols","27":"tag-top-stories","28":"tag-topstories","29":"tag-ziemas-olimpiskas-speles","30":"tag-zinas"},"share_on_mastodon":{"url":"https:\/\/pubeurope.com\/@lv\/115915354465317541","error":""},"_links":{"self":[{"href":"https:\/\/www.europesays.com\/lv\/wp-json\/wp\/v2\/posts\/107660","targetHints":{"allow":["GET"]}}],"collection":[{"href":"https:\/\/www.europesays.com\/lv\/wp-json\/wp\/v2\/posts"}],"about":[{"href":"https:\/\/www.europesays.com\/lv\/wp-json\/wp\/v2\/types\/post"}],"author":[{"embeddable":true,"href":"https:\/\/www.europesays.com\/lv\/wp-json\/wp\/v2\/users\/2"}],"replies":[{"embeddable":true,"href":"https:\/\/www.europesays.com\/lv\/wp-json\/wp\/v2\/comments?post=107660"}],"version-history":[{"count":0,"href":"https:\/\/www.europesays.com\/lv\/wp-json\/wp\/v2\/posts\/107660\/revisions"}],"wp:featuredmedia":[{"embeddable":true,"href":"https:\/\/www.europesays.com\/lv\/wp-json\/wp\/v2\/media\/94820"}],"wp:attachment":[{"href":"https:\/\/www.europesays.com\/lv\/wp-json\/wp\/v2\/media?parent=107660"}],"wp:term":[{"taxonomy":"category","embeddable":true,"href":"https:\/\/www.europesays.com\/lv\/wp-json\/wp\/v2\/categories?post=107660"},{"taxonomy":"post_tag","embeddable":true,"href":"https:\/\/www.europesays.com\/lv\/wp-json\/wp\/v2\/tags?post=107660"}],"curies":[{"name":"wp","href":"https:\/\/api.w.org\/{rel}","templated":true}]}}