{"id":107665,"date":"2026-01-18T09:24:16","date_gmt":"2026-01-18T09:24:16","guid":{"rendered":"https:\/\/www.europesays.com\/lv\/107665\/"},"modified":"2026-01-18T09:24:16","modified_gmt":"2026-01-18T09:24:16","slug":"foto-%e2%9f%a9-zinams-sova-pardziedi-mani-otras-sezonas-uzvaretajs","status":"publish","type":"post","link":"https:\/\/www.europesays.com\/lv\/107665\/","title":{"rendered":"FOTO \u27e9 Zin\u0101ms \u0161ova &#8220;P\u0101rdziedi mani!&#8221; otr\u0101s sezonas uzvar\u0113t\u0101js"},"content":{"rendered":"<p class=\"MsoNormal\">Par dal\u012bbu \u0161ov\u0101 &#8220;P\u0101rdziedi mani!&#8221; st\u0101sta t\u0101 otr\u0101s sezonas uzvar\u0113t\u0101ja, m\u016bzi\u0137e Emilija:<\/p>\n<p class=\"MsoNormal\">&#8220;\u0160ova laik\u0101 mani var\u0113ja iepaz\u012bt ne tikai skat\u012bt\u0101ji, bet es pati sevi var\u0113ju iepaz\u012bt no jauna. Tik daudz ce\u013cu \u0101rpus ierast\u0101 un dro\u0161\u0101, pa kuriem man bija iesp\u0113ja doties, ir piepild\u012bju\u0161i manu pieredzi ar bag\u0101t\u012bbu \u2013 izaugsmi, neatlaid\u012bbu un atmi\u0146\u0101m.<\/p>\n<p><img decoding=\"async\" class=\"figure__image\" onclick=\"triggerEvent('articleImageClick', { id: 17393531, focus: 'single-image', focusIndex: '17393531' })\" onkeydown=\"if (event.key === 'Enter') {&#10;        triggerEvent('articleImageClick', { id: 17393531, focus: 'single-image', focusIndex: '17393531' })&#10;        }\" role=\"button\" tabindex=\"0\" data-focus-from=\"single-image\" data-focus-index=\"17393531\" src=\"https:\/\/www.europesays.com\/lv\/wp-content\/uploads\/2026\/01\/17393531t1h3609.jpg\"  onload=\"this.parentElement.classList.remove('figure__image-loading')\" alt=\"&quot;P\u0101rdziedi mani&quot; fin\u0101ls\"\/>&#8220;P\u0101rdziedi mani&#8221; fin\u0101ls Foto: LSM\/Lauris V\u012bksne<\/p>\n<blockquote class=\"quote ck-widget\" contenteditable=\"false\">\n<p>Pats galvenais, esmu iepazinusi tik daudz cilv\u0113ku, kuri man iem\u0101c\u012bja pareizu attieksmi pret darbu, m\u012bl\u0113t to, cien\u012bt citam citu un dar\u012bt vair\u0101k, nek\u0101 tiek gaid\u012bts.<\/p>\n<\/blockquote>\n<p class=\"MsoNormal\">Paldies visai komandai par to! Liels gods b\u016bt starp nu jau 16 \u0161ova &#8220;P\u0101rdziedi mani!&#8221; dal\u012bbniekiem un b\u016bt da\u013ci\u0146ai no \u0161\u012b projekta.<\/p>\n<p><img decoding=\"async\" class=\"figure__image\" onclick=\"triggerEvent('articleImageClick', { id: 17393535, focus: 'single-image', focusIndex: '17393535' })\" onkeydown=\"if (event.key === 'Enter') {&#10;        triggerEvent('articleImageClick', { id: 17393535, focus: 'single-image', focusIndex: '17393535' })&#10;        }\" role=\"button\" tabindex=\"0\" data-focus-from=\"single-image\" data-focus-index=\"17393535\" src=\"https:\/\/www.europesays.com\/lv\/wp-content\/uploads\/2026\/01\/17393535t1h21e0.jpg\"  onload=\"this.parentElement.classList.remove('figure__image-loading')\" alt=\"Emilija.\"\/>Emilija. Foto: LSM\/Lauris V\u012bksne<\/p>\n<p class=\"MsoNormal\">Katru raid\u012bjumu, baudot to jau kop\u0161 pirm\u0101s sezonas, vienm\u0113r esmu saj\u016bsm\u0101 par atdevi, ko izj\u016btu, skatoties priek\u0161nesumus \u2013 tie katram dal\u012bbniekam ir biju\u0161i lieliski. Otr\u0101 sezona ir nosl\u0113gusies, bet \u0161ovam &#8220;P\u0101rdziedi mani!&#8221; v\u0113l tikai j\u0101p\u0101rdzied pa\u0161am sevi, t\u0101p\u0113c ar nepaciet\u012bbu jau gaidu 3. sezonu.&#8221;<\/p>\n","protected":false},"excerpt":{"rendered":"Par dal\u012bbu \u0161ov\u0101 &#8220;P\u0101rdziedi mani!&#8221; st\u0101sta t\u0101 otr\u0101s sezonas uzvar\u0113t\u0101ja, m\u016bzi\u0137e Emilija: &#8220;\u0160ova laik\u0101 mani var\u0113ja iepaz\u012bt ne&hellip;\n","protected":false},"author":2,"featured_media":107666,"comment_status":"","ping_status":"","sticky":false,"template":"","format":"standard","meta":{"footnotes":""},"categories":[19],"tags":[10209,25649,89,90,35,39,38,36,37,34,40,3716],"class_list":{"0":"post-107665","1":"post","2":"type-post","3":"status-publish","4":"format-standard","5":"has-post-thumbnail","7":"category-izklaide","8":"tag-pardziedi-mani","9":"tag-emilia","10":"tag-entertainment","11":"tag-izklaide","12":"tag-latvia","13":"tag-latvian","14":"tag-latviesu","15":"tag-latviesu-valoda","16":"tag-latviesuvaloda","17":"tag-latvija","18":"tag-lv","19":"tag-sovs"},"share_on_mastodon":{"url":"https:\/\/pubeurope.com\/@lv\/115915382017773484","error":""},"_links":{"self":[{"href":"https:\/\/www.europesays.com\/lv\/wp-json\/wp\/v2\/posts\/107665","targetHints":{"allow":["GET"]}}],"collection":[{"href":"https:\/\/www.europesays.com\/lv\/wp-json\/wp\/v2\/posts"}],"about":[{"href":"https:\/\/www.europesays.com\/lv\/wp-json\/wp\/v2\/types\/post"}],"author":[{"embeddable":true,"href":"https:\/\/www.europesays.com\/lv\/wp-json\/wp\/v2\/users\/2"}],"replies":[{"embeddable":true,"href":"https:\/\/www.europesays.com\/lv\/wp-json\/wp\/v2\/comments?post=107665"}],"version-history":[{"count":0,"href":"https:\/\/www.europesays.com\/lv\/wp-json\/wp\/v2\/posts\/107665\/revisions"}],"wp:featuredmedia":[{"embeddable":true,"href":"https:\/\/www.europesays.com\/lv\/wp-json\/wp\/v2\/media\/107666"}],"wp:attachment":[{"href":"https:\/\/www.europesays.com\/lv\/wp-json\/wp\/v2\/media?parent=107665"}],"wp:term":[{"taxonomy":"category","embeddable":true,"href":"https:\/\/www.europesays.com\/lv\/wp-json\/wp\/v2\/categories?post=107665"},{"taxonomy":"post_tag","embeddable":true,"href":"https:\/\/www.europesays.com\/lv\/wp-json\/wp\/v2\/tags?post=107665"}],"curies":[{"name":"wp","href":"https:\/\/api.w.org\/{rel}","templated":true}]}}