{"id":107699,"date":"2026-01-18T11:28:08","date_gmt":"2026-01-18T11:28:08","guid":{"rendered":"https:\/\/www.europesays.com\/lv\/107699\/"},"modified":"2026-01-18T11:28:08","modified_gmt":"2026-01-18T11:28:08","slug":"demokrati-senata-centisies-bloket-trampa-tarifus-importam-no-eiropas","status":"publish","type":"post","link":"https:\/\/www.europesays.com\/lv\/107699\/","title":{"rendered":"Demokr\u0101ti Sen\u0101t\u0101 cent\u012bsies blo\u0137\u0113t Trampa tarifus importam no Eiropas"},"content":{"rendered":"<p>&#8220;Donalda Trampa bezatbild\u012bgie tarifi jau novedu\u0161i pie cenu pieauguma un iedrag\u0101ju\u0161i m\u016bsu ekonomiku, bet tagad vi\u0146\u0161 st\u0101vokli tikai pasliktina,&#8221; teikts sestdien izplat\u012btaj\u0101 \u0160umera pazi\u0146ojum\u0101.<\/p>\n<p>&#8220;Ir neticami, ka vi\u0146\u0161 v\u0113las dubultot idiotismu, piem\u0113rojot tarifus m\u016bsu tuv\u0101kajiem sabiedrotajiem savu donkihotisko t\u012bkojumu d\u0113\u013c p\u0101r\u0146emt Grenlandi,&#8221; piebildis demokr\u0101tu l\u012bderis Sen\u0101t\u0101.<\/p>\n<p>Vi\u0146\u0161 pav\u0113st\u012bjis, ka demokr\u0101ti ierosin\u0101s likumprojektu, kas \u0161os tarifus blo\u0137\u0113tu, pirms tie nodar\u012bju\u0161i v\u0113l liel\u0101ku kait\u0113jumu ASV ekonomikai un sabiedrotajiem Eirop\u0101.<\/p>\n<p>K\u0101 v\u0113st\u012bts, Tramps pazi\u0146ojis, ka domstarp\u012bbu d\u0113\u013c Grenlandes jaut\u0101jum\u0101 no 1. febru\u0101ra imports no asto\u0146\u0101m ES dal\u012bbvalst\u012bm tiek aplikts ar 10% lielu muitas nodokli.<\/p>\n<p>Jaunie tarifi attieksies uz visu importu no D\u0101nijas, Norv\u0113\u0123ijas, Zviedrijas, Francijas, V\u0101cijas, Lielbrit\u0101nijas, N\u012bderlandes un Somijas. Gad\u012bjum\u0101, ja netiks pan\u0101kta vieno\u0161an\u0101s par Grenlandes p\u0101rdo\u0161anu ASV, no j\u016bnija \u0161is tarifs tiks paaugstin\u0101ts l\u012bdz 25%.<\/p>\n<p>Iebildumus pret Trampa ieceri izteiku\u0161i ar\u012b Sen\u0101ta <a href=\"https:\/\/www.apollo.lv\/term\/9898\/nato\" class=\"topicLink\" target=\"_blank\" rel=\"nofollow noopener\">NATO<\/a> nov\u0113rot\u0101ju grupas l\u012bdzpriek\u0161s\u0113d\u0113t\u0101ji D\u017e\u012bna \u0160eih\u012bna, kas p\u0101rst\u0101v demokr\u0101tus, un republik\u0101nis Toms Tillis, kas br\u012bdin\u0101ju\u0161i, ka prezidenta retorika n\u0101k par labu vien\u012bgi Krievijas un \u0136\u012bnas diktatoriem, kas v\u0113las sa\u0161\u0137elt NATO.<\/p>\n","protected":false},"excerpt":{"rendered":"&#8220;Donalda Trampa bezatbild\u012bgie tarifi jau novedu\u0161i pie cenu pieauguma un iedrag\u0101ju\u0161i m\u016bsu ekonomiku, bet tagad vi\u0146\u0161 st\u0101vokli tikai&hellip;\n","protected":false},"author":2,"featured_media":107201,"comment_status":"","ping_status":"","sticky":false,"template":"","format":"standard","meta":{"footnotes":""},"categories":[14],"tags":[23,57,28,29,542,514,32,33,22,30,31,35,39,38,36,37,34,40,71,20,26,27,24,25,54,55,56,21,58],"class_list":{"0":"post-107699","1":"post","2":"type-post","3":"status-publish","4":"format-standard","5":"has-post-thumbnail","7":"category-zinas-no-arvalstim","8":"tag-aktualitates","9":"tag-arvalstim","10":"tag-breaking-news","11":"tag-breakingnews","12":"tag-donalds-tramps","13":"tag-eiropas-savieniba","14":"tag-featured-news","15":"tag-featurednews","16":"tag-headlines","17":"tag-latest-news","18":"tag-latestnews","19":"tag-latvia","20":"tag-latvian","21":"tag-latviesu","22":"tag-latviesu-valoda","23":"tag-latviesuvaloda","24":"tag-latvija","25":"tag-lv","26":"tag-nato","27":"tag-news","28":"tag-popularakas-zinas","29":"tag-popularakaszinas","30":"tag-top-stories","31":"tag-topstories","32":"tag-world","33":"tag-world-news","34":"tag-worldnews","35":"tag-zinas","36":"tag-zinas-no-arvalstim"},"share_on_mastodon":{"url":"https:\/\/pubeurope.com\/@lv\/115915869609053871","error":""},"_links":{"self":[{"href":"https:\/\/www.europesays.com\/lv\/wp-json\/wp\/v2\/posts\/107699","targetHints":{"allow":["GET"]}}],"collection":[{"href":"https:\/\/www.europesays.com\/lv\/wp-json\/wp\/v2\/posts"}],"about":[{"href":"https:\/\/www.europesays.com\/lv\/wp-json\/wp\/v2\/types\/post"}],"author":[{"embeddable":true,"href":"https:\/\/www.europesays.com\/lv\/wp-json\/wp\/v2\/users\/2"}],"replies":[{"embeddable":true,"href":"https:\/\/www.europesays.com\/lv\/wp-json\/wp\/v2\/comments?post=107699"}],"version-history":[{"count":0,"href":"https:\/\/www.europesays.com\/lv\/wp-json\/wp\/v2\/posts\/107699\/revisions"}],"wp:featuredmedia":[{"embeddable":true,"href":"https:\/\/www.europesays.com\/lv\/wp-json\/wp\/v2\/media\/107201"}],"wp:attachment":[{"href":"https:\/\/www.europesays.com\/lv\/wp-json\/wp\/v2\/media?parent=107699"}],"wp:term":[{"taxonomy":"category","embeddable":true,"href":"https:\/\/www.europesays.com\/lv\/wp-json\/wp\/v2\/categories?post=107699"},{"taxonomy":"post_tag","embeddable":true,"href":"https:\/\/www.europesays.com\/lv\/wp-json\/wp\/v2\/tags?post=107699"}],"curies":[{"name":"wp","href":"https:\/\/api.w.org\/{rel}","templated":true}]}}