{"id":107713,"date":"2026-01-18T11:41:18","date_gmt":"2026-01-18T11:41:18","guid":{"rendered":"https:\/\/www.europesays.com\/lv\/107713\/"},"modified":"2026-01-18T11:41:18","modified_gmt":"2026-01-18T11:41:18","slug":"sodien-noteikta-parcelta-darba-diena-1188-lv","status":"publish","type":"post","link":"https:\/\/www.europesays.com\/lv\/107713\/","title":{"rendered":"\u0160odien noteikta p\u0101rcelt\u0101 darba diena &#8211; 1188.lv"},"content":{"rendered":"<ol>\n<li><a href=\"https:\/\/news.google.com\/rss\/articles\/CBMid0FVX3lxTE5DZWF5WkQybUY0eWNEX2RDcGI2TXhWQUYyM3lZTy1QMU1SVjVOSVNwenJxVmIyM21iakdkMy1vcklQMTJPc2VGVndDb2kyNTkwcUNlY2ptSU5vbEszcHhPRl8wQ2xMLWVCNEpUOS0zVDBURHVPOUNN?oc=5\" target=\"_blank\" rel=\"nofollow noopener\">\u0160odien noteikta p\u0101rcelt\u0101 darba diena<\/a>&nbsp;&nbsp;1188.lv<\/li>\n<li><a href=\"https:\/\/news.google.com\/rss\/articles\/CBMif0FVX3lxTFBnM1FYS2Z0WnhnMnpOZDNwaVVzOVVzSE9FSVYteUFYemVodkN2Z09RemdzVnRXYXRJSmtoeWJXbDEwSlFjQXkyYVctRXhIS2hWNU1qYmxyeW5jRHMzVzIzeFlLaDJPdXRvNkpCTDlDREh0S25aQjNoS0FKNEhuYms?oc=5\" target=\"_blank\" rel=\"nofollow noopener\">\u0160odien ir p\u0101rcelt\u0101 darba diena<\/a>&nbsp;&nbsp;Delfi<\/li>\n<li><a href=\"https:\/\/news.google.com\/rss\/articles\/CBMitAFBVV95cUxPQ2lGSjNhM1d3U1BpN3lmUWFJVmVwM3g0ZHZwUWxpbE9VN25WMXdIRHlkaVc4NGJBY0NiTUg3YmRzLWZSUllHVFFvaldtS1NOVlpiMFhhVE5zTlBvTFVyZVR1M3NUaVhHQ2puYzZocS1NZ1FjODNqWG5jbDlzWDVyNEVtblR5OFJPOTFfV1NmSTc3ZEVFYUlWUkQyYXlmdkRHdkN4N1BZaWxCSDNBWkRRQjRkNXk?oc=5\" target=\"_blank\" rel=\"nofollow noopener\">P\u0101rcelt\u0101s darba dienas d\u0113\u013c vair\u0101k\u0101s dien\u0101s main\u012bsies vilcienu kust\u012bbu grafiks<\/a>&nbsp;&nbsp;Jauns.lv<\/li>\n<li><a href=\"https:\/\/news.google.com\/rss\/articles\/CBMizAFBVV95cUxQZEtyNUFSNUlqa1VIWnhUbHJFb2FQMmlVX3NmelNCR01OU1JQUXM5eHpXRmlWOTUxQlVRR3VWSXpqTXh5NXU4dTJGM2wyUWczZThzNWlydE93UFFjUnc2a1h4NFQ3V2dTS1NNM0w4S1hLMUpteDJ3aHpkdWlLYlRDR3VlQ2M2Z1p5cmlvZ1ZNZFQ3TTlvVzhvZi1mZWVrd0tyRlpjMThXSllfS1ZkQ0ZENlljX1FvMmdmTEVqanpfSjhpempDNjdCZGFJM0U?oc=5\" target=\"_blank\" rel=\"nofollow noopener\">R\u012bt, 17. janv\u0101r\u012b, p\u0101rcelt\u0101 darbdiena, ar\u012b sabiedriskais transports kurs\u0113s p\u0113c darbdienas grafika<\/a>&nbsp;&nbsp;BauskasDzive.lv<\/li>\n<li><a href=\"https:\/\/news.google.com\/rss\/articles\/CBMiygFBVV95cUxQSF9SU3ptMTdRbHBKRkEtSDRGdFh3dFlIVG1iOUtBVkNMSVJmbGhjZVFTRlhpU2xkWHcyeV94ZFJ6WEhCQVhIb0l3WXY2bzVKTnI1Zmo2bm9iQ2ROQktsNU1BOFdrN2pFV1FHSGlRS3FBUzlwRHUya1F0NVJfM05uTFo1UDA2VWh3R3h6cHB5c2RxNFV1WjNRbzhRSFR2UjRLaFozX1JmNklad3ZPYW5wbnVLZlZEaWVCM2dLZmVzN2E5bXdaNUlFZERn?oc=5\" target=\"_blank\" rel=\"nofollow noopener\">17. janv\u0101r\u012b tiks ieviestas izmai\u0146as sabiedrisk\u0101 transporta kust\u012bb\u0101<\/a>&nbsp;&nbsp;Daugavpils.lv<\/li>\n<\/ol>\n","protected":false},"excerpt":{"rendered":"\u0160odien noteikta p\u0101rcelt\u0101 darba diena&nbsp;&nbsp;1188.lv \u0160odien ir p\u0101rcelt\u0101 darba diena&nbsp;&nbsp;Delfi P\u0101rcelt\u0101s darba dienas d\u0113\u013c vair\u0101k\u0101s dien\u0101s main\u012bsies vilcienu&hellip;\n","protected":false},"author":2,"featured_media":107714,"comment_status":"","ping_status":"","sticky":false,"template":"","format":"standard","meta":{"footnotes":""},"categories":[12],"tags":[129,1092,850,25653,889,23,28,29,32,33,22,30,31,35,39,38,36,37,34,40,20,26,27,851,1093,25654,890,852,1094,25655,891,24,25,21],"class_list":{"0":"post-107713","1":"post","2":"type-post","3":"status-publish","4":"format-standard","5":"has-post-thumbnail","7":"category-latvija","8":"tag-__typenameadvicekeyword","9":"tag-id584","10":"tag-id734","11":"tag-id809","12":"tag-id811","13":"tag-aktualitates","14":"tag-breaking-news","15":"tag-breakingnews","16":"tag-featured-news","17":"tag-featurednews","18":"tag-headlines","19":"tag-latest-news","20":"tag-latestnews","21":"tag-latvia","22":"tag-latvian","23":"tag-latviesu","24":"tag-latviesu-valoda","25":"tag-latviesuvaloda","26":"tag-latvija","27":"tag-lv","28":"tag-news","29":"tag-popularakas-zinas","30":"tag-popularakaszinas","31":"tag-slugdarbs","32":"tag-slugiedzivotaji","33":"tag-slugministru-kabinets","34":"tag-slugsabiedriba","35":"tag-titledarbs","36":"tag-titleiedzivotaji","37":"tag-titleministru-kabinets","38":"tag-titlesabiedriba","39":"tag-top-stories","40":"tag-topstories","41":"tag-zinas"},"share_on_mastodon":{"url":"","error":"Validation failed: Text character limit of 500 exceeded"},"_links":{"self":[{"href":"https:\/\/www.europesays.com\/lv\/wp-json\/wp\/v2\/posts\/107713","targetHints":{"allow":["GET"]}}],"collection":[{"href":"https:\/\/www.europesays.com\/lv\/wp-json\/wp\/v2\/posts"}],"about":[{"href":"https:\/\/www.europesays.com\/lv\/wp-json\/wp\/v2\/types\/post"}],"author":[{"embeddable":true,"href":"https:\/\/www.europesays.com\/lv\/wp-json\/wp\/v2\/users\/2"}],"replies":[{"embeddable":true,"href":"https:\/\/www.europesays.com\/lv\/wp-json\/wp\/v2\/comments?post=107713"}],"version-history":[{"count":0,"href":"https:\/\/www.europesays.com\/lv\/wp-json\/wp\/v2\/posts\/107713\/revisions"}],"wp:featuredmedia":[{"embeddable":true,"href":"https:\/\/www.europesays.com\/lv\/wp-json\/wp\/v2\/media\/107714"}],"wp:attachment":[{"href":"https:\/\/www.europesays.com\/lv\/wp-json\/wp\/v2\/media?parent=107713"}],"wp:term":[{"taxonomy":"category","embeddable":true,"href":"https:\/\/www.europesays.com\/lv\/wp-json\/wp\/v2\/categories?post=107713"},{"taxonomy":"post_tag","embeddable":true,"href":"https:\/\/www.europesays.com\/lv\/wp-json\/wp\/v2\/tags?post=107713"}],"curies":[{"name":"wp","href":"https:\/\/api.w.org\/{rel}","templated":true}]}}