{"id":107776,"date":"2026-01-18T12:53:06","date_gmt":"2026-01-18T12:53:06","guid":{"rendered":"https:\/\/www.europesays.com\/lv\/107776\/"},"modified":"2026-01-18T12:53:06","modified_gmt":"2026-01-18T12:53:06","slug":"koncerta-mes-nosargajam-latviju-riga-godinas-barikazu-dalibniekus-1188-lv","status":"publish","type":"post","link":"https:\/\/www.europesays.com\/lv\/107776\/","title":{"rendered":"Koncert\u0101 &quot;M\u0113s nosarg\u0101j\u0101m Latviju&quot; R\u012bg\u0101 godin\u0101s barik\u0101\u017eu dal\u012bbniekus &#8211; 1188.lv"},"content":{"rendered":"<ol>\n<li><a href=\"https:\/\/news.google.com\/rss\/articles\/CBMingFBVV95cUxOZkhqcUtLNG1QY3pEdFp2X05ZdEFUd05takJXTTRIZWlEVS1adlExejlxQjFjVHBUU3ZZRS1KcDhQcExaMkxDWWNKY0NSUENrVm9VUlhyQXJoOE1jVUQydV92Ymxhd1FNUUoyVnVDZFB4S01CZjU2WFJBUVJudWxrUUlMQ2pPemQ5RU5aNW5iRnAwVU91TFdxb0lmYUhaQQ?oc=5\" target=\"_blank\" rel=\"nofollow noopener\">Koncert\u0101 &#8220;M\u0113s nosarg\u0101j\u0101m Latviju&#8221; R\u012bg\u0101 godin\u0101s barik\u0101\u017eu dal\u012bbniekus<\/a>&nbsp;&nbsp;1188.lv<\/li>\n<li><a href=\"https:\/\/news.google.com\/rss\/articles\/CBMivAFBVV95cUxPaTlxOE1uX0hQNHRPQXVld2ZUSF9RV2I5cmRtOHBPTlBJd2QzYnB4bkhlU0tnMHZJY0RNWHFQRXdxVG1SMHZMWFI0bmVQNlV0a2NnRjhKNWtJREZ4XzhnVXZDTWU5ZHhDbkEydFA0dzVFc2FCRm9DU2pIMzhBRDJKbkN1ci0xZXRWOFdETWhxMFJrckVKNnRlSS1VV1doWHJLRldjSThhazd4QmM1MGVIUE1iMFpCcnRWclBrVw?oc=5\" target=\"_blank\" rel=\"nofollow noopener\">VIDEO: Lielkoncerts \u00ab1991. gada barik\u0101d\u0113m \u2013 35\u00bb Doma laukum\u0101 \/ Raksts<\/a>&nbsp;&nbsp;LSM<\/li>\n<li><a href=\"https:\/\/news.google.com\/rss\/articles\/CBMinAFBVV95cUxPanlQaTBvM0NiQ3hBZFpxbzNENGRmSW5aWVNpMUpoSEkxMDd5SFl0cTRsN21xeWFNMmxwZ2NrdV9SY25OY2lBc1J1aENfTHc2RjJBX24wRUM2dzZaVkYxcmN3UU9kd0tzUDFuUlg4S0lfajliaEpmdFJ0cDBvZkVsSjNqR3A0WERRcWV0UDVfbjhoWDlTQnZCMEpSTlc?oc=5\" target=\"_blank\" rel=\"nofollow noopener\">\u201cMan taj\u0101 br\u012bd\u012b bija 18 gadu,\u201d Saeimas deput\u0101ts atceras satrauco\u0161o barik\u0101\u017eu laiku<\/a>&nbsp;&nbsp;LA.LV<\/li>\n<li><a href=\"https:\/\/news.google.com\/rss\/articles\/CBMikgFBVV95cUxPNWJYbVNKc3lXeGRMMm84WE9nUWE2ZUhVT3AxWHZfN1p5SnpRMmh0cFA5dHIwMDhOTnJWblRCeURfemFwZmhMbDkzbDVJVXFGVk94UE9ldGRpdkhQYkt5TFFISlJfQzI4X0RYdzFxZElFb1Z5QTAxMTZJQ3JMTWl6LXhhRm92cDVqeVdmNlJJTUZLUQ?oc=5\" target=\"_blank\" rel=\"nofollow noopener\">Barik\u0101d\u0113m 35: Barik\u0101\u017eu notikumos piedal\u012bj\u0101s ar sviesta nazi<\/a>&nbsp;&nbsp;Delfi<\/li>\n<li><a href=\"https:\/\/news.google.com\/rss\/articles\/CBMiqwFBVV95cUxPRWVZQTcxWlhkcGJJVWRYMlozc1VFM1ppSFBQd0hvdHBvdlNQQUJLWEFBVHo0QkNpcERURGhTTVdiamRLRUNHWUlHRGNoQlFOOUkteEZmbElfc1cxR05DRWdLUEhPV2NpakE5QlBPVkhZOGhwV0thQWp1LVlPQ1dCWnlZUVNLMm5VSTREUFRmeDRkR25SbXZCN212RDFkak5wNm5ub2xtSGVlazg?oc=5\" target=\"_blank\" rel=\"nofollow noopener\">Foto un video: \u201cEsam di\u017ea tauta.\u201d Durb\u0113 atceras 1991. gada barik\u0101des<\/a>&nbsp;&nbsp;liepajniekiem.lv<\/li>\n<\/ol>\n","protected":false},"excerpt":{"rendered":"Koncert\u0101 &#8220;M\u0113s nosarg\u0101j\u0101m Latviju&#8221; R\u012bg\u0101 godin\u0101s barik\u0101\u017eu dal\u012bbniekus&nbsp;&nbsp;1188.lv VIDEO: Lielkoncerts \u00ab1991. gada barik\u0101d\u0113m \u2013 35\u00bb Doma laukum\u0101 \/&hellip;\n","protected":false},"author":2,"featured_media":107777,"comment_status":"","ping_status":"","sticky":false,"template":"","format":"standard","meta":{"footnotes":""},"categories":[12],"tags":[129,25677,1209,289,23,28,29,32,33,22,30,31,35,39,38,36,37,34,40,20,26,27,290,1210,25678,291,1211,25679,24,25,21],"class_list":{"0":"post-107776","1":"post","2":"type-post","3":"status-publish","4":"format-standard","5":"has-post-thumbnail","7":"category-latvija","8":"tag-__typenameadvicekeyword","9":"tag-id1191","10":"tag-id824","11":"tag-id931","12":"tag-aktualitates","13":"tag-breaking-news","14":"tag-breakingnews","15":"tag-featured-news","16":"tag-featurednews","17":"tag-headlines","18":"tag-latest-news","19":"tag-latestnews","20":"tag-latvia","21":"tag-latvian","22":"tag-latviesu","23":"tag-latviesu-valoda","24":"tag-latviesuvaloda","25":"tag-latvija","26":"tag-lv","27":"tag-news","28":"tag-popularakas-zinas","29":"tag-popularakaszinas","30":"tag-slugkultura","31":"tag-slugpolitika","32":"tag-slugvesture","33":"tag-titlekultura","34":"tag-titlepolitika","35":"tag-titlevesture","36":"tag-top-stories","37":"tag-topstories","38":"tag-zinas"},"share_on_mastodon":{"url":"https:\/\/pubeurope.com\/@lv\/115916203750088536","error":""},"_links":{"self":[{"href":"https:\/\/www.europesays.com\/lv\/wp-json\/wp\/v2\/posts\/107776","targetHints":{"allow":["GET"]}}],"collection":[{"href":"https:\/\/www.europesays.com\/lv\/wp-json\/wp\/v2\/posts"}],"about":[{"href":"https:\/\/www.europesays.com\/lv\/wp-json\/wp\/v2\/types\/post"}],"author":[{"embeddable":true,"href":"https:\/\/www.europesays.com\/lv\/wp-json\/wp\/v2\/users\/2"}],"replies":[{"embeddable":true,"href":"https:\/\/www.europesays.com\/lv\/wp-json\/wp\/v2\/comments?post=107776"}],"version-history":[{"count":0,"href":"https:\/\/www.europesays.com\/lv\/wp-json\/wp\/v2\/posts\/107776\/revisions"}],"wp:featuredmedia":[{"embeddable":true,"href":"https:\/\/www.europesays.com\/lv\/wp-json\/wp\/v2\/media\/107777"}],"wp:attachment":[{"href":"https:\/\/www.europesays.com\/lv\/wp-json\/wp\/v2\/media?parent=107776"}],"wp:term":[{"taxonomy":"category","embeddable":true,"href":"https:\/\/www.europesays.com\/lv\/wp-json\/wp\/v2\/categories?post=107776"},{"taxonomy":"post_tag","embeddable":true,"href":"https:\/\/www.europesays.com\/lv\/wp-json\/wp\/v2\/tags?post=107776"}],"curies":[{"name":"wp","href":"https:\/\/api.w.org\/{rel}","templated":true}]}}