{"id":107808,"date":"2026-01-18T13:35:12","date_gmt":"2026-01-18T13:35:12","guid":{"rendered":"https:\/\/www.europesays.com\/lv\/107808\/"},"modified":"2026-01-18T13:35:12","modified_gmt":"2026-01-18T13:35:12","slug":"rigas-osta-ierodas-flagmanis-almirante-juan-de-borbon","status":"publish","type":"post","link":"https:\/\/www.europesays.com\/lv\/107808\/","title":{"rendered":"R\u012bgas ost\u0101 ierodas flagmanis &#8220;Almirante Juan de Borb\u00f3n&#8221;"},"content":{"rendered":"<p>Sv\u0113tdien R\u012bgas ost\u0101 ierad\u012bsies NATO pirm\u0101s past\u0101v\u012bg\u0101s j\u016bras sp\u0113ku grupas flagmanis &#8220;Almirante Juan de Borb\u00f3n&#8221;, apliecinot NATO ap\u0146em\u0161anos nodro\u0161in\u0101t kolekt\u012bvo aizsardz\u012bbu. \u0160\u012b ir pirm\u0101 SNMG1 ostas viz\u012bte kop\u0161 Sp\u0101nijas J\u016bras sp\u0113ki p\u0101r\u0146\u0113mu\u0161i t\u0101s komandvad\u012bbu.<\/p>\n<p class=\"x_MsoNormal\">SNMG1 ir viena no \u010detr\u0101m past\u0101v\u012bgaj\u0101m NATO j\u016bras sp\u0113ku grup\u0101m, kas nodro\u0161ina nep\u0101rtrauktu ku\u0123u kl\u0101tb\u016btni j\u016br\u0101, lai nepiecie\u0161am\u012bbas gad\u012bjum\u0101 sp\u0113tu nekav\u0113joties rea\u0123\u0113t gan miera laik\u0101, gan kr\u012bzes un konfliktu laik\u0101. \u0160\u0101da NATO sp\u0113ku izvieto\u0161ana veicina sabiedroto dro\u0161\u012bbu, uzlabo savietojam\u012bbu un demonstr\u0113 NATO sp\u0113ju darboties vis\u0101 Zieme\u013catlantij\u0101, Baltijas j\u016br\u0101 un Arktikas pieej\u0101s.<\/p>\n<p class=\"m-0\">Seko &#8220;Delfi&#8221; ar\u012b  <a target=\"_blank\" href=\"https:\/\/www.instagram.com\/delfi.lv\/\" rel=\"nofollow noopener\">Instagram<\/a>  un <a target=\"_blank\" href=\"https:\/\/www.youtube.com\/channel\/UCw5foWtcJvAbUm64rv7jwUQ\" rel=\"nofollow noopener\">YouTube<\/a>  profil\u0101 \u2013 pievienojies, lai uzzin\u0101tu svar\u012bg\u0101ko un interesant\u0101ko pirmais!<\/p>\n<p>Publik\u0101cijas saturs vai t\u0101s jebk\u0101da apjoma da\u013ca ir aizsarg\u0101ts autorties\u012bbu objekts Autorties\u012bbu likuma izpratn\u0113, un t\u0101 izmanto\u0161ana bez izdev\u0113ja at\u013caujas ir aizliegta. Vair\u0101k lasi  <a target=\"_blank\" href=\"https:\/\/www.delfi.lv\/noteikumi#autortiesibas\" rel=\"nofollow noopener\">\u0161eit<\/a><script async src=\"\/\/www.instagram.com\/embed.js\"><\/script><\/p>\n","protected":false},"excerpt":{"rendered":"Sv\u0113tdien R\u012bgas ost\u0101 ierad\u012bsies NATO pirm\u0101s past\u0101v\u012bg\u0101s j\u016bras sp\u0113ku grupas flagmanis &#8220;Almirante Juan de Borb\u00f3n&#8221;, apliecinot NATO ap\u0146em\u0161anos&hellip;\n","protected":false},"author":2,"featured_media":107809,"comment_status":"","ping_status":"","sticky":false,"template":"","format":"standard","meta":{"footnotes":""},"categories":[12],"tags":[23,28,29,1249,32,33,22,30,31,35,39,38,36,37,34,40,71,20,26,27,24,25,21],"class_list":{"0":"post-107808","1":"post","2":"type-post","3":"status-publish","4":"format-standard","5":"has-post-thumbnail","7":"category-latvija","8":"tag-aktualitates","9":"tag-breaking-news","10":"tag-breakingnews","11":"tag-evika-silina","12":"tag-featured-news","13":"tag-featurednews","14":"tag-headlines","15":"tag-latest-news","16":"tag-latestnews","17":"tag-latvia","18":"tag-latvian","19":"tag-latviesu","20":"tag-latviesu-valoda","21":"tag-latviesuvaloda","22":"tag-latvija","23":"tag-lv","24":"tag-nato","25":"tag-news","26":"tag-popularakas-zinas","27":"tag-popularakaszinas","28":"tag-top-stories","29":"tag-topstories","30":"tag-zinas"},"share_on_mastodon":{"url":"https:\/\/pubeurope.com\/@lv\/115916368908705678","error":""},"_links":{"self":[{"href":"https:\/\/www.europesays.com\/lv\/wp-json\/wp\/v2\/posts\/107808","targetHints":{"allow":["GET"]}}],"collection":[{"href":"https:\/\/www.europesays.com\/lv\/wp-json\/wp\/v2\/posts"}],"about":[{"href":"https:\/\/www.europesays.com\/lv\/wp-json\/wp\/v2\/types\/post"}],"author":[{"embeddable":true,"href":"https:\/\/www.europesays.com\/lv\/wp-json\/wp\/v2\/users\/2"}],"replies":[{"embeddable":true,"href":"https:\/\/www.europesays.com\/lv\/wp-json\/wp\/v2\/comments?post=107808"}],"version-history":[{"count":0,"href":"https:\/\/www.europesays.com\/lv\/wp-json\/wp\/v2\/posts\/107808\/revisions"}],"wp:featuredmedia":[{"embeddable":true,"href":"https:\/\/www.europesays.com\/lv\/wp-json\/wp\/v2\/media\/107809"}],"wp:attachment":[{"href":"https:\/\/www.europesays.com\/lv\/wp-json\/wp\/v2\/media?parent=107808"}],"wp:term":[{"taxonomy":"category","embeddable":true,"href":"https:\/\/www.europesays.com\/lv\/wp-json\/wp\/v2\/categories?post=107808"},{"taxonomy":"post_tag","embeddable":true,"href":"https:\/\/www.europesays.com\/lv\/wp-json\/wp\/v2\/tags?post=107808"}],"curies":[{"name":"wp","href":"https:\/\/api.w.org\/{rel}","templated":true}]}}