{"id":107817,"date":"2026-01-18T13:52:17","date_gmt":"2026-01-18T13:52:17","guid":{"rendered":"https:\/\/www.europesays.com\/lv\/107817\/"},"modified":"2026-01-18T13:52:17","modified_gmt":"2026-01-18T13:52:17","slug":"asv-imigracijas-vizu-izsniegsanas-aizliegums-neskar-es-dalibvalstis","status":"publish","type":"post","link":"https:\/\/www.europesays.com\/lv\/107817\/","title":{"rendered":"ASV imigr\u0101cijas v\u012bzu izsnieg\u0161anas aizliegums neskar ES dal\u012bbvalstis"},"content":{"rendered":"<p>Ta\u010du sarakst\u0101 ir vair\u0101kas Eiropas valstis \u0101rpus ES &#8211; Alb\u0101nija, Bosnija un Hercegovina, Kosova, Moldova, Melnkalne un Zieme\u013cma\u0137edonija. \u0160aj\u0101 sarakst\u0101 ir ar\u012b Krievija un Baltkrievija.<\/p>\n<p><a href=\"https:\/\/www.apollo.lv\/term\/555410\/asv\" class=\"topicLink\" target=\"_blank\" rel=\"nofollow noopener\">ASV<\/a> Valsts departament\u0101 skaidro, ka l\u0113mums pie\u0146emts laik\u0101, kad tiek p\u0101rskat\u012bta imigr\u0101cijas politika, noteikumi un vadl\u012bnijas, lai nodro\u0161in\u0101tu, ka imigranti ASV ir finansi\u0101li patst\u0101v\u012bgi un nek\u013c\u016bst par slogu soci\u0101l\u0101s labkl\u0101j\u012bbas sist\u0113mai. Pazi\u0146ojum\u0101 teikts, ka ASV prezidents Donalds Tramps ir nor\u0101d\u012bjis, ka imigrantiem j\u0101sp\u0113j sevi uztur\u0113t un tie nedr\u012bkst k\u013c\u016bt par finansi\u0101lu slogu amerik\u0101\u0146iem.<\/p>\n<p>Imigr\u0101cijas v\u012bzu izsnieg\u0161ana aptur\u0113ta Afganist\u0101nas, Al\u017e\u012brijas, Antigvas un Barbudas, Arm\u0113nijas, Azerbaid\u017e\u0101nas, Bahamu salu, Banglade\u0161as, Barbadosas, Belizas, But\u0101nas, Braz\u012blijas, Dienvidsud\u0101nas, Dominikas, \u0112\u0123iptes, Eritrejas, Etiopijas, Fid\u017ei, Gambijas, Gruzijas, Ganas, Gren\u0101das, Gvatemalas, Gvinejas, Haiti, Ir\u0101nas, Ir\u0101kas, Jamaikas, Jemenas un Jord\u0101nijas pilso\u0146iem.<\/p>\n<p>Imigr\u0101cijas v\u012bzu izsnieg\u0161ana aptur\u0113ta ar\u012b Kaboverdes, Kambod\u017eas, Kamer\u016bnas, Kazahst\u0101nas, Kirgizst\u0101nas, Kolumbijas, Kotdivu\u0101ras, Kongo Demokr\u0101tisk\u0101s Republikas, Kongo Republikas, Kubas, Kuveitas, Laosas, Lib\u0101nas, Lib\u0113rijas, L\u012bbijas, Mjanmas, Mongolijas, Marokas, Nep\u0101las, Nikaragvas, Nig\u0113rijas, Pakist\u0101nas, Ruandas, Sentkitsas un Nevisas, Sentl\u016bsijas, Sentvinsentas un Grenad\u012bnu, Seneg\u0101las, Sjerraleones, Som\u0101lijas, Sud\u0101nas, S\u012brijas, Tanz\u0101nijas, Taizemes, Togo, Tunisijas, Ugandas, Urugvajas un Uzbekist\u0101nas pilso\u0146iem.<\/p>\n","protected":false},"excerpt":{"rendered":"Ta\u010du sarakst\u0101 ir vair\u0101kas Eiropas valstis \u0101rpus ES &#8211; Alb\u0101nija, Bosnija un Hercegovina, Kosova, Moldova, Melnkalne un Zieme\u013cma\u0137edonija.&hellip;\n","protected":false},"author":2,"featured_media":107818,"comment_status":"","ping_status":"","sticky":false,"template":"","format":"standard","meta":{"footnotes":""},"categories":[14],"tags":[23,57,292,28,29,514,32,33,22,9995,30,31,35,39,38,36,37,34,40,20,26,27,24,25,651,54,55,56,21,58],"class_list":{"0":"post-107817","1":"post","2":"type-post","3":"status-publish","4":"format-standard","5":"has-post-thumbnail","7":"category-zinas-no-arvalstim","8":"tag-aktualitates","9":"tag-arvalstim","10":"tag-asv","11":"tag-breaking-news","12":"tag-breakingnews","13":"tag-eiropas-savieniba","14":"tag-featured-news","15":"tag-featurednews","16":"tag-headlines","17":"tag-imigracija","18":"tag-latest-news","19":"tag-latestnews","20":"tag-latvia","21":"tag-latvian","22":"tag-latviesu","23":"tag-latviesu-valoda","24":"tag-latviesuvaloda","25":"tag-latvija","26":"tag-lv","27":"tag-news","28":"tag-popularakas-zinas","29":"tag-popularakaszinas","30":"tag-top-stories","31":"tag-topstories","32":"tag-vizas","33":"tag-world","34":"tag-world-news","35":"tag-worldnews","36":"tag-zinas","37":"tag-zinas-no-arvalstim"},"share_on_mastodon":{"url":"https:\/\/pubeurope.com\/@lv\/115916435855081194","error":""},"_links":{"self":[{"href":"https:\/\/www.europesays.com\/lv\/wp-json\/wp\/v2\/posts\/107817","targetHints":{"allow":["GET"]}}],"collection":[{"href":"https:\/\/www.europesays.com\/lv\/wp-json\/wp\/v2\/posts"}],"about":[{"href":"https:\/\/www.europesays.com\/lv\/wp-json\/wp\/v2\/types\/post"}],"author":[{"embeddable":true,"href":"https:\/\/www.europesays.com\/lv\/wp-json\/wp\/v2\/users\/2"}],"replies":[{"embeddable":true,"href":"https:\/\/www.europesays.com\/lv\/wp-json\/wp\/v2\/comments?post=107817"}],"version-history":[{"count":0,"href":"https:\/\/www.europesays.com\/lv\/wp-json\/wp\/v2\/posts\/107817\/revisions"}],"wp:featuredmedia":[{"embeddable":true,"href":"https:\/\/www.europesays.com\/lv\/wp-json\/wp\/v2\/media\/107818"}],"wp:attachment":[{"href":"https:\/\/www.europesays.com\/lv\/wp-json\/wp\/v2\/media?parent=107817"}],"wp:term":[{"taxonomy":"category","embeddable":true,"href":"https:\/\/www.europesays.com\/lv\/wp-json\/wp\/v2\/categories?post=107817"},{"taxonomy":"post_tag","embeddable":true,"href":"https:\/\/www.europesays.com\/lv\/wp-json\/wp\/v2\/tags?post=107817"}],"curies":[{"name":"wp","href":"https:\/\/api.w.org\/{rel}","templated":true}]}}