{"id":107821,"date":"2026-01-18T13:54:08","date_gmt":"2026-01-18T13:54:08","guid":{"rendered":"https:\/\/www.europesays.com\/lv\/107821\/"},"modified":"2026-01-18T13:54:08","modified_gmt":"2026-01-18T13:54:08","slug":"zanmonno-kluda-pedeja-ugunslinija-neliedz-uzvaru-rupoldingas-iedzisana-ziemas-sports-sportacentrs-com","status":"publish","type":"post","link":"https:\/\/www.europesays.com\/lv\/107821\/","title":{"rendered":"\u017danmonno k\u013c\u016bda p\u0113d\u0113j\u0101 ugunsl\u012bnij\u0101 neliedz uzvaru R\u016bpoldingas iedz\u012b\u0161an\u0101 \u2013 Ziemas sports \u2013 Sportacentrs.com"},"content":{"rendered":"<p>Iedz\u012b\u0161anas sacens\u012bb\u0101s iztr\u016bka vair\u0101kas sportistes, kuras bija nopeln\u012bju\u0161as vietu starp sprinta dal\u012bbnie\u010du lab\u0101ko se\u0161desmitnieku. Uz starta neizg\u0101ja igauniete Regina Ermitsa, franc\u016bziete \u017dulija Simona, norv\u0113\u0123iete Karoline Knotena un be\u013c\u0123iete Lota L\u012b.<\/p>\n<p>Iedz\u012b\u0161anu ar vad\u012bbas poz\u012bcij\u0101 ies\u0101kus\u012b Hanna \u0112berja pie\u013c\u0101va k\u013c\u016bdu pirmaj\u0101 ugunsl\u012bnij\u0101, kas sacens\u012bbu vad\u012bbu \u013c\u0101va p\u0101r\u0146emt pasaules kausa kopv\u0113rt\u0113juma l\u012bderei L\u016b \u017danmonno. Otraj\u0101 gu\u013cus \u0161au\u0161an\u0101 \u017danmonno paciet\u012bgi atkal aizv\u0113ra visus m\u0113r\u0137us, bet Hanna pie\u013c\u0101va divas neprecizit\u0101tes, izkr\u012btot no lab\u0101ko desmitnieka.<\/p>\n<p>St\u0101vus \u0161au\u0161anas pirmaj\u0101 pieg\u0101jien\u0101 Francijas sportiste atkal raid\u012bja piecus \u0161\u0101vienus bez k\u013c\u016bd\u0101m, kas \u013c\u0101va vi\u0146ai par vair\u0101k nek\u0101 pusmin\u016bti apsteigt visas tuv\u0101k\u0101s sekot\u0101jas. Tikm\u0113r st\u0101vus \u0161au\u0161an\u0101 Hanna tika atpaka\u013c c\u012b\u0146\u0101 par godalg\u0101m. \u017danmonno p\u0113d\u0113j\u0101 \u0161\u0101vienu s\u0113rij\u0101 nedaudz notr\u012bc\u0113ja un pie\u013c\u0101va vienu k\u013c\u016bdu. Tom\u0113r izsl\u0113potais papildus aplis neliedza Francijas biatlonistei g\u016bt sezonas tre\u0161o individu\u0101lo uzvaru, kopum\u0101 uz pjedest\u0101la k\u0101pjot sesto reizi.<\/p>\n<p>Sprinta uzvar\u0113t\u0101ja Hanna \u0112berja, kura p\u0113c gu\u013cus \u0161au\u0161an\u0101m bija nokritusi l\u012bdz 11. vietai, p\u0113c st\u0101vus \u0161au\u0161an\u0101m atgriez\u0101s otraj\u0101 viet\u0101 un to ar\u012b saglab\u0101ja l\u012bdz fini\u0161am. Lab\u0101k\u0101 ugunsl\u012bnij\u0101 \u0161odienas sac\u012bkst\u0113s bija Kamila Ben\u0113, ar 20 prec\u012bziem \u0161\u0101vieniem ieg\u016bstot tre\u0161o vietu.<\/p>\n<p>Vien\u012bg\u0101 Latvijas p\u0101rst\u0101ve \u0161odienas iedz\u012b\u0161anas sacens\u012bb\u0101s sieviet\u0113m bija Sanita Buli\u0146a. Al\u016bksnietei n\u0101c\u0101s izsl\u0113pot \u010detrus soda ap\u013cus, pie\u013caujot pa k\u013c\u016bdai katr\u0101 ugunsl\u012bnij\u0101. Izn\u0101kum\u0101 Buli\u0146ai 53. vieta, atst\u0101jot aiz sevis tr\u012bs konkurentes.<\/p>\n<p>R\u016bpoldingas posms nosl\u0113gsies ar v\u012bru iedz\u012b\u0161anas sac\u012bkst\u0113m, kur\u0101s ar savu karjeras augst\u0101ko starta numuru (18) var\u0113s doties Ren\u0101rs Birkent\u0101ls. Tikm\u0113r 32. starta vieta b\u016bs Andrejam Rastorgujevam. Sacens\u012bbu tie\u0161raide pulksten 16:00 LTV7 kan\u0101l\u0101.<\/p>\n<p>PK piektais posms, 10 kilometru iedz\u012b\u0161ana sieviet\u0113m, R\u016bpolding\u0101<\/p>\n<tr>VSpSportisteValstsK\u013c\u016bdasLaiks<\/tr>\n<tr class=\"even\">\n<td>1.<\/td>\n<td>(2)<\/td>\n<td>L\u016b \u017danmonno<\/td>\n<td>Francija<\/td>\n<td>0+0+0+1 [1]<\/td>\n<td class=\"ralign\">29:26.6<\/td>\n<\/tr>\n<tr class=\"odd\">\n<td>2.<\/td>\n<td>(1)<\/td>\n<td>Hanna \u0112berja<\/td>\n<td>Zviedrija<\/td>\n<td>1+2+0+0 [3]<\/td>\n<td class=\"ralign\">+10.5<\/td>\n<\/tr>\n<tr class=\"even\">\n<td>3.<\/td>\n<td>(10)<\/td>\n<td>Kamila Ben\u0113<\/td>\n<td>Francija<\/td>\n<td>0+0+0+0 [0]<\/td>\n<td class=\"ralign\">+12.9<\/td>\n<\/tr>\n<tr class=\"odd\">\n<td>4.<\/td>\n<td>(9)<\/td>\n<td>M\u0101rena Kirkaide<\/td>\n<td>Norv\u0113\u0123ija<\/td>\n<td>0+0+1+0 [1]<\/td>\n<td class=\"ralign\">+17.0<\/td>\n<\/tr>\n<tr class=\"even\">\n<td>5.<\/td>\n<td>(22)<\/td>\n<td>Eimija Baserga<\/td>\n<td>\u0160veice<\/td>\n<td>0+0+1+1 [2]<\/td>\n<td class=\"ralign\">+33.8<\/td>\n<\/tr>\n<tr class=\"odd\">\n<td>6.<\/td>\n<td>(32)<\/td>\n<td>Oseana Mi\u0161elona<\/td>\n<td>Francija<\/td>\n<td>0+1+0+1 [2]<\/td>\n<td class=\"ralign\">+34.9<\/td>\n<\/tr>\n<tr class=\"even\">\n<td>7.<\/td>\n<td>(5)<\/td>\n<td>Franciska Proisa<\/td>\n<td>V\u0101cija<\/td>\n<td>1+0+0+1 [2]<\/td>\n<td class=\"ralign\">+36.4<\/td>\n<\/tr>\n<tr class=\"odd\">\n<td>8.<\/td>\n<td>(7)<\/td>\n<td>Marte Krokstada Juhansena<\/td>\n<td>Norv\u0113\u0123ija<\/td>\n<td>0+1+0+0 [1]<\/td>\n<td class=\"ralign\">+38.8<\/td>\n<\/tr>\n<tr class=\"even\">\n<td>9.<\/td>\n<td>(6)<\/td>\n<td>Suvi Minkinena<\/td>\n<td>Somija<\/td>\n<td>2+0+0+0 [2]<\/td>\n<td class=\"ralign\">+39.9<\/td>\n<\/tr>\n<tr class=\"odd\">\n<td>10.<\/td>\n<td>(4)<\/td>\n<td>Elv\u012bra \u0112berja<\/td>\n<td>Zviedrija<\/td>\n<td>1+0+1+2 [4]<\/td>\n<td class=\"ralign\">+42.1<\/td>\n<\/tr>\n<tr class=\"even\">\n<td\/>\n<td\/>\n<td\/>\n<td\/>\n<td\/>\n<td class=\"ralign\"\/><\/tr>\n<tr class=\"odd\">\n<td\/>\n<td\/>\n<td\/>\n<td\/>\n<td\/>\n<td class=\"ralign\"\/><\/tr>\n<tr class=\"even\">\n<td>53.<\/td>\n<td>(57)<\/td>\n<td>Sanita Buli\u0146a<\/td>\n<td>Latvija<\/td>\n<td>1+1+1+1 [4]<\/td>\n<td class=\"ralign\">+5:10.6<\/td>\n<\/tr>\n<p>Pasaules kausa piektais posms biatlon\u0101 R\u016bpolding\u0101<\/p>\n<tr>DatumsLaiksDiscipl\u012bna<\/tr>\n<tr class=\"even\">\n<td>14.01.<\/td>\n<td class=\"ralign\">15.30<\/td>\n<td>stafete sieviet\u0113m<\/td>\n<\/tr>\n<tr class=\"odd\">\n<td>15.01.<\/td>\n<td class=\"ralign\">15.30<\/td>\n<td>stafete v\u012brie\u0161iem<\/td>\n<\/tr>\n<tr class=\"even\">\n<td>16.01.<\/td>\n<td class=\"ralign\">15.30<\/td>\n<td>7.5 km sprints sieviet\u0113m<\/td>\n<\/tr>\n<tr class=\"odd\">\n<td>17.01.<\/td>\n<td class=\"ralign\">15.30<\/td>\n<td>10 km sprints v\u012brie\u0161iem<\/td>\n<\/tr>\n<tr class=\"even\">\n<td>18.01.<\/td>\n<td class=\"ralign\">13.30<\/td>\n<td>10 km iedz\u012b\u0161ana sieviet\u0113m<\/td>\n<\/tr>\n<tr class=\"odd\">\n<td\/>\n<td class=\"ralign\">16.00<\/td>\n<td>12.5 km iedz\u012b\u0161ana v\u012brie\u0161iem<\/td>\n<\/tr>\n","protected":false},"excerpt":{"rendered":"Iedz\u012b\u0161anas sacens\u012bb\u0101s iztr\u016bka vair\u0101kas sportistes, kuras bija nopeln\u012bju\u0161as vietu starp sprinta dal\u012bbnie\u010du lab\u0101ko se\u0161desmitnieku. Uz starta neizg\u0101ja igauniete&hellip;\n","protected":false},"author":2,"featured_media":107822,"comment_status":"","ping_status":"","sticky":false,"template":"","format":"standard","meta":{"footnotes":""},"categories":[5],"tags":[23,28,29,32,33,22,30,31,35,39,38,36,37,34,40,20,26,27,24,25,620,21],"class_list":{"0":"post-107821","1":"post","2":"type-post","3":"status-publish","4":"format-standard","5":"has-post-thumbnail","7":"category-aktualitates","8":"tag-aktualitates","9":"tag-breaking-news","10":"tag-breakingnews","11":"tag-featured-news","12":"tag-featurednews","13":"tag-headlines","14":"tag-latest-news","15":"tag-latestnews","16":"tag-latvia","17":"tag-latvian","18":"tag-latviesu","19":"tag-latviesu-valoda","20":"tag-latviesuvaloda","21":"tag-latvija","22":"tag-lv","23":"tag-news","24":"tag-popularakas-zinas","25":"tag-popularakaszinas","26":"tag-top-stories","27":"tag-topstories","28":"tag-ziemas-sports","29":"tag-zinas"},"share_on_mastodon":{"url":"https:\/\/pubeurope.com\/@lv\/115916443919493505","error":""},"_links":{"self":[{"href":"https:\/\/www.europesays.com\/lv\/wp-json\/wp\/v2\/posts\/107821","targetHints":{"allow":["GET"]}}],"collection":[{"href":"https:\/\/www.europesays.com\/lv\/wp-json\/wp\/v2\/posts"}],"about":[{"href":"https:\/\/www.europesays.com\/lv\/wp-json\/wp\/v2\/types\/post"}],"author":[{"embeddable":true,"href":"https:\/\/www.europesays.com\/lv\/wp-json\/wp\/v2\/users\/2"}],"replies":[{"embeddable":true,"href":"https:\/\/www.europesays.com\/lv\/wp-json\/wp\/v2\/comments?post=107821"}],"version-history":[{"count":0,"href":"https:\/\/www.europesays.com\/lv\/wp-json\/wp\/v2\/posts\/107821\/revisions"}],"wp:featuredmedia":[{"embeddable":true,"href":"https:\/\/www.europesays.com\/lv\/wp-json\/wp\/v2\/media\/107822"}],"wp:attachment":[{"href":"https:\/\/www.europesays.com\/lv\/wp-json\/wp\/v2\/media?parent=107821"}],"wp:term":[{"taxonomy":"category","embeddable":true,"href":"https:\/\/www.europesays.com\/lv\/wp-json\/wp\/v2\/categories?post=107821"},{"taxonomy":"post_tag","embeddable":true,"href":"https:\/\/www.europesays.com\/lv\/wp-json\/wp\/v2\/tags?post=107821"}],"curies":[{"name":"wp","href":"https:\/\/api.w.org\/{rel}","templated":true}]}}