{"id":107825,"date":"2026-01-18T13:59:12","date_gmt":"2026-01-18T13:59:12","guid":{"rendered":"https:\/\/www.europesays.com\/lv\/107825\/"},"modified":"2026-01-18T13:59:12","modified_gmt":"2026-01-18T13:59:12","slug":"nakti-uz-pirmdienu-termometra-stabins-var-noslidet-lidz-pat-20-gradu-atzimei","status":"publish","type":"post","link":"https:\/\/www.europesays.com\/lv\/107825\/","title":{"rendered":"Nakt\u012b uz pirmdienu termometra stabi\u0146\u0161 var nosl\u012bd\u0113t l\u012bdz pat 20 gr\u0101du atz\u012bmei"},"content":{"rendered":"<p>Nakt\u012b laika apst\u0101k\u013cus turpin\u0101s noteikt anticiklons, m\u0101ko\u0146i aizkl\u0101s debesis vien da\u013c\u0113ji un nokri\u0161\u0146i nav gaid\u0101mi. V\u0113j\u0161 b\u016bs l\u0113ns, no r\u012bta viet\u0101m piekrast\u0113 veidosies migla.<\/p>\n<p>Teritorijas liel\u0101kaj\u0101 da\u013c\u0101 gaiss atdzis\u012bs l\u012bdz -13..-18 gr\u0101diem, viet\u0101m piekrastes rajonos b\u016bs nedaudz silt\u0101k jeb -9..-12 gr\u0101di, inform\u0113 LV\u0122MC. Savuk\u0101rt austrumu da\u013c\u0101 temperat\u016bra, debes\u012bm skaidrojoties, pazemin\u0101sies pat l\u012bdz -20 gr\u0101diem.<\/p>\n<p>Ar\u012b R\u012bg\u0101 nakt\u012b saglab\u0101sies sauss laiks, m\u0101ko\u0146iem vien da\u013c\u0113ji aizkl\u0101jot debesis. P\u016bt\u012bs l\u0113ns v\u0113j\u0161, un gaisa temperat\u016bra pazemin\u0101sies l\u012bdz -13..-15 gr\u0101diem.<\/p>\n<p>Pirmdien caur m\u0101ko\u0146iem bie\u017ei uzsp\u012bd\u0113s saule un laiks saglab\u0101sies sauss. P\u016bt\u012bs l\u0113ns v\u0113j\u0161, un termometra stabi\u0146\u0161 nepak\u0101psies virs -5..-10 gr\u0101du atz\u012bmes.<\/p>\n<p>Ar\u012b R\u012bg\u0101 saglab\u0101sies da\u013c\u0113ji m\u0101ko\u0146ains un sauss laiks. P\u016bt\u012bs l\u0113ns v\u0113j\u0161, un gaisa temperat\u016bra paaugstin\u0101sies l\u012bdz -8..-10 gr\u0101diem.<\/p>\n","protected":false},"excerpt":{"rendered":"Nakt\u012b laika apst\u0101k\u013cus turpin\u0101s noteikt anticiklons, m\u0101ko\u0146i aizkl\u0101s debesis vien da\u013c\u0113ji un nokri\u0161\u0146i nav gaid\u0101mi. V\u0113j\u0161 b\u016bs l\u0113ns,&hellip;\n","protected":false},"author":2,"featured_media":93485,"comment_status":"","ping_status":"","sticky":false,"template":"","format":"standard","meta":{"footnotes":""},"categories":[12],"tags":[23,28,29,32,33,22,1811,396,397,30,31,35,39,38,36,37,34,40,20,26,27,24,25,21],"class_list":{"0":"post-107825","1":"post","2":"type-post","3":"status-publish","4":"format-standard","5":"has-post-thumbnail","7":"category-latvija","8":"tag-aktualitates","9":"tag-breaking-news","10":"tag-breakingnews","11":"tag-featured-news","12":"tag-featurednews","13":"tag-headlines","14":"tag-laika-zina","15":"tag-laika-zinas","16":"tag-laikapstakli","17":"tag-latest-news","18":"tag-latestnews","19":"tag-latvia","20":"tag-latvian","21":"tag-latviesu","22":"tag-latviesu-valoda","23":"tag-latviesuvaloda","24":"tag-latvija","25":"tag-lv","26":"tag-news","27":"tag-popularakas-zinas","28":"tag-popularakaszinas","29":"tag-top-stories","30":"tag-topstories","31":"tag-zinas"},"share_on_mastodon":{"url":"https:\/\/pubeurope.com\/@lv\/115916463336105089","error":""},"_links":{"self":[{"href":"https:\/\/www.europesays.com\/lv\/wp-json\/wp\/v2\/posts\/107825","targetHints":{"allow":["GET"]}}],"collection":[{"href":"https:\/\/www.europesays.com\/lv\/wp-json\/wp\/v2\/posts"}],"about":[{"href":"https:\/\/www.europesays.com\/lv\/wp-json\/wp\/v2\/types\/post"}],"author":[{"embeddable":true,"href":"https:\/\/www.europesays.com\/lv\/wp-json\/wp\/v2\/users\/2"}],"replies":[{"embeddable":true,"href":"https:\/\/www.europesays.com\/lv\/wp-json\/wp\/v2\/comments?post=107825"}],"version-history":[{"count":0,"href":"https:\/\/www.europesays.com\/lv\/wp-json\/wp\/v2\/posts\/107825\/revisions"}],"wp:featuredmedia":[{"embeddable":true,"href":"https:\/\/www.europesays.com\/lv\/wp-json\/wp\/v2\/media\/93485"}],"wp:attachment":[{"href":"https:\/\/www.europesays.com\/lv\/wp-json\/wp\/v2\/media?parent=107825"}],"wp:term":[{"taxonomy":"category","embeddable":true,"href":"https:\/\/www.europesays.com\/lv\/wp-json\/wp\/v2\/categories?post=107825"},{"taxonomy":"post_tag","embeddable":true,"href":"https:\/\/www.europesays.com\/lv\/wp-json\/wp\/v2\/tags?post=107825"}],"curies":[{"name":"wp","href":"https:\/\/api.w.org\/{rel}","templated":true}]}}