{"id":107841,"date":"2026-01-18T14:40:07","date_gmt":"2026-01-18T14:40:07","guid":{"rendered":"https:\/\/www.europesays.com\/lv\/107841\/"},"modified":"2026-01-18T14:40:07","modified_gmt":"2026-01-18T14:40:07","slug":"vacijas-izlukosanas-vieniba-atstaj-grenlandi","status":"publish","type":"post","link":"https:\/\/www.europesays.com\/lv\/107841\/","title":{"rendered":"V\u0101cijas izl\u016bko\u0161anas vien\u012bba atst\u0101j Grenlandi"},"content":{"rendered":"<p>V\u0101cu vien\u012bba Grenland\u0113 ierad\u0101s piektdien pirms D\u0101nijas pl\u0101notajiem manevriem. Ar\u012b vair\u0101kas citas <a href=\"https:\/\/www.apollo.lv\/term\/9898\/nato\" class=\"topicLink\" target=\"_blank\" rel=\"nofollow noopener\">NATO<\/a> dal\u012bbvalstis nos\u016bt\u012bja uz Grenlandi nelielas vien\u012bbas.<\/p>\n<p>Bundesv\u0113ra p\u0101rst\u0101vis nor\u0101d\u012bja, ka vien\u012bba esot izpild\u012bjusi savu uzdevumu un ka izl\u016bko\u0161anas rezult\u0101ti tiks izv\u0113rt\u0113ti tuv\u0101ko dienu laik\u0101.<\/p>\n<p>Sabiedroto sp\u0113ki tika nos\u016bt\u012bti uz Grenlandi, rea\u0123\u0113jot uz ASV prezidenta Donalda Trampa centieniem p\u0101r\u0146emt sav\u0101 kontrol\u0113 \u0161o D\u0101nijas autonomo teritoriju.<\/p>\n<p>Tre\u0161dien Tramps v\u0113l vair\u0101k eskal\u0113ja situ\u0101ciju, pazi\u0146ojot, ka domstarp\u012bbu d\u0113\u013c Grenlandes jaut\u0101jum\u0101 no 1. febru\u0101ra imports no asto\u0146\u0101m ES dal\u012bbvalst\u012bm tiek aplikts ar 10% lielu muitas nodokli.<\/p>\n<p>Jaunie tarifi attieksies uz visu importu no D\u0101nijas, Norv\u0113\u0123ijas, Zviedrijas, Francijas, V\u0101cijas, Lielbrit\u0101nijas, N\u012bderlandes un Somijas. Gad\u012bjum\u0101, ja netiks pan\u0101kta vieno\u0161an\u0101s par Grenlandes p\u0101rdo\u0161anu ASV, no j\u016bnija \u0161is tarifs tiks paaugstin\u0101ts l\u012bdz 25%.<\/p>\n","protected":false},"excerpt":{"rendered":"V\u0101cu vien\u012bba Grenland\u0113 ierad\u0101s piektdien pirms D\u0101nijas pl\u0101notajiem manevriem. Ar\u012b vair\u0101kas citas NATO dal\u012bbvalstis nos\u016bt\u012bja uz Grenlandi nelielas&hellip;\n","protected":false},"author":2,"featured_media":107842,"comment_status":"","ping_status":"","sticky":false,"template":"","format":"standard","meta":{"footnotes":""},"categories":[14],"tags":[23,57,28,29,32,33,20878,22,30,31,35,39,38,36,37,34,40,71,20,26,27,24,25,299,54,55,56,21,58],"class_list":{"0":"post-107841","1":"post","2":"type-post","3":"status-publish","4":"format-standard","5":"has-post-thumbnail","7":"category-zinas-no-arvalstim","8":"tag-aktualitates","9":"tag-arvalstim","10":"tag-breaking-news","11":"tag-breakingnews","12":"tag-featured-news","13":"tag-featurednews","14":"tag-grenlande","15":"tag-headlines","16":"tag-latest-news","17":"tag-latestnews","18":"tag-latvia","19":"tag-latvian","20":"tag-latviesu","21":"tag-latviesu-valoda","22":"tag-latviesuvaloda","23":"tag-latvija","24":"tag-lv","25":"tag-nato","26":"tag-news","27":"tag-popularakas-zinas","28":"tag-popularakaszinas","29":"tag-top-stories","30":"tag-topstories","31":"tag-vacija","32":"tag-world","33":"tag-world-news","34":"tag-worldnews","35":"tag-zinas","36":"tag-zinas-no-arvalstim"},"share_on_mastodon":{"url":"https:\/\/pubeurope.com\/@lv\/115916624503423571","error":""},"_links":{"self":[{"href":"https:\/\/www.europesays.com\/lv\/wp-json\/wp\/v2\/posts\/107841","targetHints":{"allow":["GET"]}}],"collection":[{"href":"https:\/\/www.europesays.com\/lv\/wp-json\/wp\/v2\/posts"}],"about":[{"href":"https:\/\/www.europesays.com\/lv\/wp-json\/wp\/v2\/types\/post"}],"author":[{"embeddable":true,"href":"https:\/\/www.europesays.com\/lv\/wp-json\/wp\/v2\/users\/2"}],"replies":[{"embeddable":true,"href":"https:\/\/www.europesays.com\/lv\/wp-json\/wp\/v2\/comments?post=107841"}],"version-history":[{"count":0,"href":"https:\/\/www.europesays.com\/lv\/wp-json\/wp\/v2\/posts\/107841\/revisions"}],"wp:featuredmedia":[{"embeddable":true,"href":"https:\/\/www.europesays.com\/lv\/wp-json\/wp\/v2\/media\/107842"}],"wp:attachment":[{"href":"https:\/\/www.europesays.com\/lv\/wp-json\/wp\/v2\/media?parent=107841"}],"wp:term":[{"taxonomy":"category","embeddable":true,"href":"https:\/\/www.europesays.com\/lv\/wp-json\/wp\/v2\/categories?post=107841"},{"taxonomy":"post_tag","embeddable":true,"href":"https:\/\/www.europesays.com\/lv\/wp-json\/wp\/v2\/tags?post=107841"}],"curies":[{"name":"wp","href":"https:\/\/api.w.org\/{rel}","templated":true}]}}